{"id":132330,"date":"2019-11-04T07:08:41","date_gmt":"2019-11-04T10:08:41","guid":{"rendered":"http:\/\/www.caririemacao.com\/1\/?p=132330"},"modified":"2019-11-04T07:09:42","modified_gmt":"2019-11-04T10:09:42","slug":"detran-suspende-registro-de-veiculos-a-partir-desta-segunda-feira-na-paraiba","status":"publish","type":"post","link":"https:\/\/www.caririemacao.com\/1\/2019\/11\/04\/detran-suspende-registro-de-veiculos-a-partir-desta-segunda-feira-na-paraiba\/","title":{"rendered":"Detran suspende registro de ve\u00edculos a partir desta segunda-feira na Para\u00edba"},"content":{"rendered":"\n<p>O&nbsp;Departamento Estadual de Tr\u00e2nsito (Detran-PB)&nbsp;suspende a partir desta segunda-feira (4), os servi\u00e7os referentes ao registro de ve\u00edculos, na Para\u00edba. A suspens\u00e3o segue at\u00e9 o domingo (10), e tem como objetivo regularizar os ajustes no sistema do \u00f3rg\u00e3o, para a&nbsp;implanta\u00e7\u00e3o das placas com padr\u00e3o Mercosul, que come\u00e7am a ser usadas a partir da pr\u00f3xima segunda-feira (11), no estado.<\/p>\n\n\n\n<p>De acordo com uma nota divulgada pelo Detran, \u201co \u00f3rg\u00e3o est\u00e1 convocando os usu\u00e1rios com algum tipo de pend\u00eancia nos seus processos de registro de ve\u00edculos para comparecer ao Detran-PB at\u00e9 a pr\u00f3xima quinta-feira (dia 7), a fim de regularizar os dados pendentes e obter a consequente libera\u00e7\u00e3o do documento\u201d.<\/p>\n\n\n\n<p>Segundo o o superintendente Agamenon Vieira , a substitui\u00e7\u00e3o das antigas placas n\u00e3o precisa ser imediata. A obrigatoriedade aconte nos casos de primeiro emplacamento,&nbsp;substitui\u00e7\u00e3o de qualquer das placas em decorr\u00eancia de mudan\u00e7a de categoria do ve\u00edculo ou furto, extravio, roubo ou dano, no caso de mudan\u00e7a de munic\u00edpio ou de unidade federativa, expedi\u00e7\u00e3o de segunda via do documento do ve\u00edculo, e quando houver necessidade de instala\u00e7\u00e3o da segunda placa traseira.<\/p>\n\n\n\n<p>A Para\u00edba ser\u00e1 o nono estado brasileiro a adotar as placas de identifica\u00e7\u00e3o de ve\u00edculos dos pa\u00edses-membros do Mercado Comum do Sul (Mercosul). De acordo com a Resolu\u00e7\u00e3o 780\/2019, do Conselho Nacional de Tr\u00e2nsito (Contran), todos os Detrans do pa\u00eds t\u00eam at\u00e9 o dia 31 de janeiro de 2020 para a implanta\u00e7\u00e3o do novo modelo.<\/p>\n","protected":false},"excerpt":{"rendered":"<p>O&nbsp;Departamento Estadual de Tr\u00e2nsito (Detran-PB)&nbsp;suspende a partir desta segunda-feira (4), os servi\u00e7os referentes ao registro de ve\u00edculos, na Para\u00edba. A suspens\u00e3o segue at\u00e9 o domingo&hellip; <\/p>\n","protected":false},"author":1,"featured_media":132331,"comment_status":"closed","ping_status":"closed","sticky":false,"template":"","format":"standard","meta":{"sfsi_plus_gutenberg_text_before_share":"","sfsi_plus_gutenberg_show_text_before_share":"","sfsi_plus_gutenberg_icon_type":"","sfsi_plus_gutenberg_icon_alignemt":"","sfsi_plus_gutenburg_max_per_row":"","footnotes":""},"categories":[2],"tags":[],"class_list":["post-132330","post","type-post","status-publish","format-standard","has-post-thumbnail","hentry","category-geral"],"_links":{"self":[{"href":"https:\/\/www.caririemacao.com\/1\/wp-json\/wp\/v2\/posts\/132330","targetHints":{"allow":["GET"]}}],"collection":[{"href":"https:\/\/www.caririemacao.com\/1\/wp-json\/wp\/v2\/posts"}],"about":[{"href":"https:\/\/www.caririemacao.com\/1\/wp-json\/wp\/v2\/types\/post"}],"author":[{"embeddable":true,"href":"https:\/\/www.caririemacao.com\/1\/wp-json\/wp\/v2\/users\/1"}],"replies":[{"embeddable":true,"href":"https:\/\/www.caririemacao.com\/1\/wp-json\/wp\/v2\/comments?post=132330"}],"version-history":[{"count":1,"href":"https:\/\/www.caririemacao.com\/1\/wp-json\/wp\/v2\/posts\/132330\/revisions"}],"predecessor-version":[{"id":132332,"href":"https:\/\/www.caririemacao.com\/1\/wp-json\/wp\/v2\/posts\/132330\/revisions\/132332"}],"wp:featuredmedia":[{"embeddable":true,"href":"https:\/\/www.caririemacao.com\/1\/wp-json\/wp\/v2\/media\/132331"}],"wp:attachment":[{"href":"https:\/\/www.caririemacao.com\/1\/wp-json\/wp\/v2\/media?parent=132330"}],"wp:term":[{"taxonomy":"category","embeddable":true,"href":"https:\/\/www.caririemacao.com\/1\/wp-json\/wp\/v2\/categories?post=132330"},{"taxonomy":"post_tag","embeddable":true,"href":"https:\/\/www.caririemacao.com\/1\/wp-json\/wp\/v2\/tags?post=132330"}],"curies":[{"name":"wp","href":"https:\/\/api.w.org\/{rel}","templated":true}]}}