{"id":132341,"date":"2019-11-04T07:22:18","date_gmt":"2019-11-04T10:22:18","guid":{"rendered":"http:\/\/www.caririemacao.com\/1\/?p=132341"},"modified":"2019-11-04T07:22:18","modified_gmt":"2019-11-04T10:22:18","slug":"enem-12-milhao-de-inscritos-faltaram-376-foram-eliminados","status":"publish","type":"post","link":"https:\/\/www.caririemacao.com\/1\/2019\/11\/04\/enem-12-milhao-de-inscritos-faltaram-376-foram-eliminados\/","title":{"rendered":"Enem: 1,2 milh\u00e3o de inscritos faltaram; 376 foram eliminados"},"content":{"rendered":"\n<p>Cerca de 3,9 milh\u00f5es de pessoas fizeram hoje (3) o Exame Nacional do Ensino M\u00e9dio (Enem). Os cerca de 1,2 milh\u00e3o de faltosos representam 23% do total de 5,1 milh\u00f5es de inscritos. Ao todo, 376 pessoas foram eliminadas por descumprirem as regras do exame. Os dados foram divulgados pelo Minist\u00e9rio da Educa\u00e7\u00e3o (MEC) e pelo Instituto Nacional de Estudos e Pesquisas Educacionais An\u00edsio Teixeira (Inep). &nbsp;<\/p>\n\n\n\n<p>\u201cDeu tudo certo, foi tudo perfeito, funcionou tudo bem. Tivemos a mais baixa absten\u00e7\u00e3o da hist\u00f3ria\u201d, avaliou o ministro da Educa\u00e7\u00e3o, Abraham Weintraub. A taxa \u00e9 mais baixa que a de faltas no&nbsp;<a href=\"http:\/\/agenciabrasil.ebc.com.br\/educacao\/noticia\/2018-11\/enem-deste-domingo-tem-66-eliminados-e-numero-maior-de-ausentes\" target=\"_blank\" rel=\"noreferrer noopener\">primeiro dia de prova do ano passado<\/a>, quando 24,9% dos inscritos n\u00e3o compareceram ao exame.<\/p>\n\n\n\n<p>O \u00edndice total de absten\u00e7\u00f5es no Enem 2019 ser\u00e1 fechado apenas ap\u00f3s o segundo dia de aplica\u00e7\u00e3o, no pr\u00f3ximo domingo (10). Quem n\u00e3o fez a prova neste domingo&nbsp;ainda poder\u00e1 comparecer ao segundo e \u00faltimo dia do exame.<\/p>\n\n\n\n<p>O ministro avaliou o n\u00famero de eliminados como baixo. Neste ano, o Enem passou a ter uma nova regra, candidatos cujos aparelhos eletr\u00f4nicos que emitissem qualquer som, mesmo dentro do envelope porta-objetos seriam eliminados.<\/p>\n\n\n\n<figure class=\"wp-block-image\"><img decoding=\"async\" data-src=\"http:\/\/imagens.ebc.com.br\/O5FHfzmMxsM6zBLg3wX0EMlhDzc=\/754x0\/smart\/http:\/\/agenciabrasil.ebc.com.br\/sites\/default\/files\/thumbnails\/image\/wdol_mec_abr_0311191679.jpg?itok=cv8lMhpP\" alt=\"O Ministro da Educa\u00e7\u00e3o, Abraham Weintraub, falam sobre primeiro dia de provas do ENEM\" src=\"data:image\/svg+xml;base64,PHN2ZyB3aWR0aD0iMSIgaGVpZ2h0PSIxIiB4bWxucz0iaHR0cDovL3d3dy53My5vcmcvMjAwMC9zdmciPjwvc3ZnPg==\" class=\"lazyload\" \/><\/figure>\n\n\n\n<h6 class=\"wp-block-heading\">O ministro da Educa\u00e7\u00e3o, Abraham Weintraub, falam sobre primeiro dia de provas do ENEM &#8211;&nbsp;<strong>Wilson Dias\/Ag\u00eancia Brasil<\/strong><\/h6>\n\n\n\n<h2 class=\"wp-block-heading\">Vazamento da prova<\/h2>\n\n\n\n<p>Uma foto da prova de reda\u00e7\u00e3o do Enem vazou hoje nas redes sociais. Segundo Weintraub, as investiga\u00e7\u00f5es, a cargo da Pol\u00edcia Federal, indicam que a foto foi tirada por um aplicador de prova.&nbsp;&nbsp;<\/p>\n\n\n\n<p>O ministro explicou que a suspeita de que tenha sido um aplicador se deve ao fato de que aparecem na imagem tr\u00eas provas de pessoas que faltaram ao exame e apenas aplicadores t\u00eam acesso ao caderno de provas de candidatos faltosos. A identifica\u00e7\u00e3o \u00e9 poss\u00edvel devido ao c\u00f3digo de cada prova. \u201cHouve a tentativa de macular, de colocar em xeque o Enem, ele foi um p\u00e9ssimo profissional, p\u00e9ssima pessoa ao fazer isso, mexe com a vida de 5 milh\u00f5es de pessoas\u201d, disse o ministro. &nbsp;<\/p>\n\n\n\n<p>Segundo o presidente do Instituto Nacional de Estudos e Pesquisas Educacionais An\u00edsio Teixeira (Inep), Alexandre Lopes, ao contr\u00e1rio dos participantes, que s\u00e3o eliminados se os celulares estiverem fora do envelope porta-objetos, os aplicadores podem portar os aparelhos.<\/p>\n\n\n\n<p>\u201cPorque eles entram em contato com os coordenadores para reportar problemas ou pedir orienta\u00e7\u00f5es\u201d, explicou Lopes. No entanto, no momento de abertura dos malotes e distribui\u00e7\u00e3o das provas, os aplicadores s\u00e3o orientados a n\u00e3o portarem celulares.<\/p>\n\n\n\n<p>Segundo o ministro da Educa\u00e7\u00e3o, apesar de a imagem ser verdadeira, o vazamento n\u00e3o causou preju\u00edzo aos participantes, uma vez que a imagem foi divulgada ap\u00f3s o in\u00edcio da aplica\u00e7\u00e3o: \u201cO impacto foi zero\u201d.<\/p>\n\n\n\n<p>O ministro defendeu uma puni\u00e7\u00e3o severa ao culpado por divulgar a imagem: \u201cO que a gente vai tentar fazer \u00e9 escangalhar ao m\u00e1ximo a vida dele. Eu sou a favor sempre de que pessoa que \u00e9 um transgressor pague o pre\u00e7o da transgress\u00e3o dela\u201d, disse. \u201cA gente vai atr\u00e1s de absolutamente tudo que puder fazer para essa pessoa pagar pela m\u00e1-f\u00e9 dela, pela falsidade, pela trai\u00e7\u00e3o que ela cometeu. Absolutamente tudo. Se der para ser criminal, criminal, c\u00edvel, absolutamente tudo que a gente puder fazer para essa pessoa realmente se arrepender amargamente de um dia ter vindo ao mundo\u201d, complementou.<\/p>\n\n\n\n<h2 class=\"wp-block-heading\">Tema da reda\u00e7\u00e3o<\/h2>\n\n\n\n<p>O&nbsp;<a href=\"http:\/\/agenciabrasil.ebc.com.br\/educacao\/noticia\/2019-11\/democratizacao-do-acesso-ao-cinema-no-brasil-e-tema-da-redacao-do-enem\" target=\"_blank\" rel=\"noreferrer noopener\">tema da reda\u00e7\u00e3o<\/a>&nbsp;deste ano foi Democratiza\u00e7\u00e3o do acesso ao cinema no Brasil. \u201cAntigamente para ter acesso ao cinema, precisava de estrutura grande para produzir um filme e estrutura para ver o filme. Hoje, [a gente] v\u00ea o filme aqui\u201d, disse levantando o celular. \u201cConsegue fazer filme de coisa barata, isso democratizou\u201d.<\/p>\n\n\n\n<p>Segundo o ministro, n\u00e3o h\u00e1 uma resposta \u00fanica para a reda\u00e7\u00e3o. \u201cO objetivo da reda\u00e7\u00e3o \u00e9 a pessoa conseguir elaborar um texto com argumentos racionais tang\u00edveis e bem escrito. Achei muito bom o tema, gostei do tema, porque tinha v\u00e1rias possibilidades\u201d, disse.<\/p>\n\n\n\n<p>Sobre os conte\u00fados da prova como um todo, ele ressaltou que a&nbsp;<a href=\"http:\/\/agenciabrasil.ebc.com.br\/educacao\/noticia\/2019-04\/comissao-criada-para-avaliar-itens-do-enem-conclui-trabalho\" target=\"_blank\" rel=\"noreferrer noopener\">orienta\u00e7\u00e3o foi a elabora\u00e7\u00e3o<\/a>&nbsp;de uma prova por meio da qual fosse poss\u00edvel selecionar pessoas qualificadas para entrar na faculdade: &#8220;O objetivo do Enem \u00e9 selecionar as pessoas mais capacitadas. E acho que foi plenamente atendido\u201d. Ele reafirmou que nem ele, nem o presidente do Inep tiveram acesso \u00e0s provas com anteced\u00eancia. \u201cTivemos contato com a prova hoje\u201d.<\/p>\n\n\n\n<p>Os participantes fizeram hoje as provas de reda\u00e7\u00e3o, ci\u00eancias humanas e linguagens. No dia 10, far\u00e3o as provas de matem\u00e1tica e ci\u00eancias da natureza.<\/p>\n","protected":false},"excerpt":{"rendered":"<p>Cerca de 3,9 milh\u00f5es de pessoas fizeram hoje (3) o Exame Nacional do Ensino M\u00e9dio (Enem). Os cerca de 1,2 milh\u00e3o de faltosos representam 23%&hellip; <\/p>\n","protected":false},"author":1,"featured_media":132342,"comment_status":"closed","ping_status":"closed","sticky":false,"template":"","format":"standard","meta":{"sfsi_plus_gutenberg_text_before_share":"","sfsi_plus_gutenberg_show_text_before_share":"","sfsi_plus_gutenberg_icon_type":"","sfsi_plus_gutenberg_icon_alignemt":"","sfsi_plus_gutenburg_max_per_row":"","footnotes":""},"categories":[2],"tags":[],"class_list":["post-132341","post","type-post","status-publish","format-standard","has-post-thumbnail","hentry","category-geral"],"_links":{"self":[{"href":"https:\/\/www.caririemacao.com\/1\/wp-json\/wp\/v2\/posts\/132341","targetHints":{"allow":["GET"]}}],"collection":[{"href":"https:\/\/www.caririemacao.com\/1\/wp-json\/wp\/v2\/posts"}],"about":[{"href":"https:\/\/www.caririemacao.com\/1\/wp-json\/wp\/v2\/types\/post"}],"author":[{"embeddable":true,"href":"https:\/\/www.caririemacao.com\/1\/wp-json\/wp\/v2\/users\/1"}],"replies":[{"embeddable":true,"href":"https:\/\/www.caririemacao.com\/1\/wp-json\/wp\/v2\/comments?post=132341"}],"version-history":[{"count":1,"href":"https:\/\/www.caririemacao.com\/1\/wp-json\/wp\/v2\/posts\/132341\/revisions"}],"predecessor-version":[{"id":132343,"href":"https:\/\/www.caririemacao.com\/1\/wp-json\/wp\/v2\/posts\/132341\/revisions\/132343"}],"wp:featuredmedia":[{"embeddable":true,"href":"https:\/\/www.caririemacao.com\/1\/wp-json\/wp\/v2\/media\/132342"}],"wp:attachment":[{"href":"https:\/\/www.caririemacao.com\/1\/wp-json\/wp\/v2\/media?parent=132341"}],"wp:term":[{"taxonomy":"category","embeddable":true,"href":"https:\/\/www.caririemacao.com\/1\/wp-json\/wp\/v2\/categories?post=132341"},{"taxonomy":"post_tag","embeddable":true,"href":"https:\/\/www.caririemacao.com\/1\/wp-json\/wp\/v2\/tags?post=132341"}],"curies":[{"name":"wp","href":"https:\/\/api.w.org\/{rel}","templated":true}]}}