{"id":132376,"date":"2019-11-04T07:35:46","date_gmt":"2019-11-04T10:35:46","guid":{"rendered":"http:\/\/www.caririemacao.com\/1\/?p=132376"},"modified":"2019-11-04T07:35:46","modified_gmt":"2019-11-04T10:35:46","slug":"nao-ficara-por-isso-mesmo-diz-bolsonaro-sobre-rede-globo","status":"publish","type":"post","link":"https:\/\/www.caririemacao.com\/1\/2019\/11\/04\/nao-ficara-por-isso-mesmo-diz-bolsonaro-sobre-rede-globo\/","title":{"rendered":"&#8216;N\u00e3o ficar\u00e1 por isso mesmo&#8217;, diz Bolsonaro sobre Rede Globo"},"content":{"rendered":"\n<p>Em entrevista \u00e0 TV Record, neste domingo (3), Jair Bolsonaro classificou como &#8220;declara\u00e7\u00e3o infeliz&#8221; a defesa feita pelo filho, o deputado Eduardo Bolsonaro (PSL-SP) de um &#8220;novo AI-5&#8221;.<\/p>\n\n\n\n<p>&#8220;Foi infeliz o garoto&#8221;, minimizou Bolsonaro se referindo ao filho de 35 anos. Ele disse ainda que o artigo 53 da Constitui\u00e7\u00e3o, que trata sobre a imunidade, protege o filho parlamentar de qualquer processo judicial ou de cassa\u00e7\u00e3o de mandato. Posi\u00e7\u00e3o que j\u00e1 foi contestada pelo presidente do Conselho de \u00c9tica da C\u00e2mara, deputado Juscelino Filho (DEM-MA). \u201cN\u00e3o d\u00e1 para considerar que tudo est\u00e1 protegido pela imunidade parlamentar&#8221;, afirmou.<\/p>\n\n\n\n<p>Sobre o caso Marielle, Bolsonaro disse que n\u00e3o configura obstru\u00e7\u00e3o da Justi\u00e7a ter pego as grava\u00e7\u00f5es da portaria de seu condom\u00ednio.&nbsp;<\/p>\n\n\n\n<p>\u201cQue obstru\u00e7\u00e3o? Qualquer uma dos 150 moradores do condom\u00ednio podem pegar\u201d, afirmou ele. \u201cSou constantemente perseguido&#8221;, completa.<\/p>\n\n\n\n<p>Bolsonaro tamb\u00e9m voltou a atacar a TV Globo e acusar o governador do Rio de Janeiro, Wilson Witzel, de ser respons\u00e1vel pela cita\u00e7\u00e3o de seu nome nas investiga\u00e7\u00f5es do assassinato de Marielle Franco e de seu motorista Anderson Gomes. \u201cWitzel tem usado a m\u00e1quina p\u00fablica para me perseguir\u201d, disse.<\/p>\n\n\n\n<p>Segundo ele, a Globo quer &#8220;associar ao poss\u00edvel mandante da execu\u00e7\u00e3o da senhora Marielle Franco&#8221;.<\/p>\n\n\n\n<p>&#8220;Esse caso n\u00e3o est\u00e1 encerrado. Eu vou at\u00e9 o fim. N\u00e3o ficar\u00e1 por isso mesmo\u201d, amea\u00e7ou Bolsonaro, afirmando que n\u00e3o foi procurado pela emissora para dar seu posicionamento em rela\u00e7\u00e3o \u00e0 reportagem quando estava em viagem \u00e0 Arabia Saudita.&nbsp;<\/p>\n\n\n\n<p>\u201c\u00c9 um jornalismo sujo por parte da TV Globo. Me d\u00e1 um espa\u00e7o de 15 minutos ao vivo no Jornal Nacional&#8221;, diz<\/p>\n\n\n\n<p>Apesar do tom de amea\u00e7a, Bolsonaro quer quinze minutos de espa\u00e7o na emissora.<\/p>\n\n\n\n<p>\u201c\u00c9 um jornalismo vergonhoso, sem escr\u00fapulos. Desafio voc\u00eas a me convidar para falar por quinze minutos sobre esse epis\u00f3dio. Desafio voc\u00eas\u201d, disparou.<\/p>\n","protected":false},"excerpt":{"rendered":"<p>Em entrevista \u00e0 TV Record, neste domingo (3), Jair Bolsonaro classificou como &#8220;declara\u00e7\u00e3o infeliz&#8221; a defesa feita pelo filho, o deputado Eduardo Bolsonaro (PSL-SP) de&hellip; <\/p>\n","protected":false},"author":1,"featured_media":132377,"comment_status":"closed","ping_status":"closed","sticky":false,"template":"","format":"standard","meta":{"sfsi_plus_gutenberg_text_before_share":"","sfsi_plus_gutenberg_show_text_before_share":"","sfsi_plus_gutenberg_icon_type":"","sfsi_plus_gutenberg_icon_alignemt":"","sfsi_plus_gutenburg_max_per_row":"","footnotes":""},"categories":[11],"tags":[],"class_list":["post-132376","post","type-post","status-publish","format-standard","has-post-thumbnail","hentry","category-politica"],"_links":{"self":[{"href":"https:\/\/www.caririemacao.com\/1\/wp-json\/wp\/v2\/posts\/132376","targetHints":{"allow":["GET"]}}],"collection":[{"href":"https:\/\/www.caririemacao.com\/1\/wp-json\/wp\/v2\/posts"}],"about":[{"href":"https:\/\/www.caririemacao.com\/1\/wp-json\/wp\/v2\/types\/post"}],"author":[{"embeddable":true,"href":"https:\/\/www.caririemacao.com\/1\/wp-json\/wp\/v2\/users\/1"}],"replies":[{"embeddable":true,"href":"https:\/\/www.caririemacao.com\/1\/wp-json\/wp\/v2\/comments?post=132376"}],"version-history":[{"count":1,"href":"https:\/\/www.caririemacao.com\/1\/wp-json\/wp\/v2\/posts\/132376\/revisions"}],"predecessor-version":[{"id":132378,"href":"https:\/\/www.caririemacao.com\/1\/wp-json\/wp\/v2\/posts\/132376\/revisions\/132378"}],"wp:featuredmedia":[{"embeddable":true,"href":"https:\/\/www.caririemacao.com\/1\/wp-json\/wp\/v2\/media\/132377"}],"wp:attachment":[{"href":"https:\/\/www.caririemacao.com\/1\/wp-json\/wp\/v2\/media?parent=132376"}],"wp:term":[{"taxonomy":"category","embeddable":true,"href":"https:\/\/www.caririemacao.com\/1\/wp-json\/wp\/v2\/categories?post=132376"},{"taxonomy":"post_tag","embeddable":true,"href":"https:\/\/www.caririemacao.com\/1\/wp-json\/wp\/v2\/tags?post=132376"}],"curies":[{"name":"wp","href":"https:\/\/api.w.org\/{rel}","templated":true}]}}