{"id":132382,"date":"2019-11-04T07:41:37","date_gmt":"2019-11-04T10:41:37","guid":{"rendered":"http:\/\/www.caririemacao.com\/1\/?p=132382"},"modified":"2019-11-04T07:41:37","modified_gmt":"2019-11-04T10:41:37","slug":"mec-investiga-possivel-vazamento-de-prova-do-enem-deste-domingo","status":"publish","type":"post","link":"https:\/\/www.caririemacao.com\/1\/2019\/11\/04\/mec-investiga-possivel-vazamento-de-prova-do-enem-deste-domingo\/","title":{"rendered":"MEC investiga poss\u00edvel vazamento de prova do Enem deste domingo"},"content":{"rendered":"\n<p>O Minist\u00e9rio da Educa\u00e7\u00e3o (MEC) trabalha com a possibilidade de que o vazamento de uma imagem da&nbsp;<a href=\"https:\/\/paraibaonline.com.br\/2019\/11\/mec-divulga-tema-da-redacao-do-enem-2019\/\">prova do Exame Nacional do Ensino M\u00e9dio (Enem)<\/a>&nbsp;tenha ocorrido em Pernambuco, segundo o ministro da Educa\u00e7\u00e3o, Abraham Weintraub. Uma foto da prova foi publicada na internet e circula nas redes sociais.<\/p>\n\n\n\n<p>\u201cIsso aparentemente aconteceu em Pernambuco e a gente j\u00e1 est\u00e1 chegando ao nome da pessoa\u201d, disse o ministro em v\u00eddeo publicado no Twitter. Segundo ele, o caso est\u00e1 sendo investigado pela Pol\u00edcia Federal.<\/p>\n\n\n\n<p>Em nota, o Inep confirmou que a imagem \u00e9 real, mas afirmou que ela foi divulgada ap\u00f3s a realiza\u00e7\u00e3o dos procedimentos de seguran\u00e7a, quando os estudantes j\u00e1 estavam todos nas salas de aplica\u00e7\u00e3o. Portanto, n\u00e3o haver\u00e1 preju\u00edzo aos participantes.<\/p>\n\n\n\n<p>\u201cTodos os procedimentos de seguran\u00e7a j\u00e1 haviam sido realizados, a prova j\u00e1 havia sido distribu\u00edda para todo mundo e algu\u00e9m tirou uma foto e colocou nas redes. Isso n\u00e3o compromete em nada tudo, segue normal\u201d, disse o ministro.<\/p>\n\n\n\n<p>Pelas regras do exame, \u00e9 proibido o uso de aparelhos eletr\u00f4nicos no local de aplica\u00e7\u00e3o do Enem, como celulares. Eles devem ser desligados e colocados dentro do envelope porta-objetos que cada candidato recebe. O uso desses objetos leva \u00e0 elimina\u00e7\u00e3o do candidato.<\/p>\n\n\n\n<p>Cerca de 5,1 milh\u00f5es de candidatos est\u00e3o inscritos no Enem. Hoje (3), eles fazem provas de reda\u00e7\u00e3o, linguagens e ci\u00eancias humanas. No pr\u00f3ximo domingo (10), os participantes fazem provas de matem\u00e1tica e ci\u00eancias da natureza.<\/p>\n","protected":false},"excerpt":{"rendered":"<p>O Minist\u00e9rio da Educa\u00e7\u00e3o (MEC) trabalha com a possibilidade de que o vazamento de uma imagem da&nbsp;prova do Exame Nacional do Ensino M\u00e9dio (Enem)&nbsp;tenha ocorrido&hellip; <\/p>\n","protected":false},"author":1,"featured_media":132383,"comment_status":"closed","ping_status":"closed","sticky":false,"template":"","format":"standard","meta":{"sfsi_plus_gutenberg_text_before_share":"","sfsi_plus_gutenberg_show_text_before_share":"","sfsi_plus_gutenberg_icon_type":"","sfsi_plus_gutenberg_icon_alignemt":"","sfsi_plus_gutenburg_max_per_row":"","footnotes":""},"categories":[2],"tags":[],"class_list":["post-132382","post","type-post","status-publish","format-standard","has-post-thumbnail","hentry","category-geral"],"_links":{"self":[{"href":"https:\/\/www.caririemacao.com\/1\/wp-json\/wp\/v2\/posts\/132382","targetHints":{"allow":["GET"]}}],"collection":[{"href":"https:\/\/www.caririemacao.com\/1\/wp-json\/wp\/v2\/posts"}],"about":[{"href":"https:\/\/www.caririemacao.com\/1\/wp-json\/wp\/v2\/types\/post"}],"author":[{"embeddable":true,"href":"https:\/\/www.caririemacao.com\/1\/wp-json\/wp\/v2\/users\/1"}],"replies":[{"embeddable":true,"href":"https:\/\/www.caririemacao.com\/1\/wp-json\/wp\/v2\/comments?post=132382"}],"version-history":[{"count":1,"href":"https:\/\/www.caririemacao.com\/1\/wp-json\/wp\/v2\/posts\/132382\/revisions"}],"predecessor-version":[{"id":132384,"href":"https:\/\/www.caririemacao.com\/1\/wp-json\/wp\/v2\/posts\/132382\/revisions\/132384"}],"wp:featuredmedia":[{"embeddable":true,"href":"https:\/\/www.caririemacao.com\/1\/wp-json\/wp\/v2\/media\/132383"}],"wp:attachment":[{"href":"https:\/\/www.caririemacao.com\/1\/wp-json\/wp\/v2\/media?parent=132382"}],"wp:term":[{"taxonomy":"category","embeddable":true,"href":"https:\/\/www.caririemacao.com\/1\/wp-json\/wp\/v2\/categories?post=132382"},{"taxonomy":"post_tag","embeddable":true,"href":"https:\/\/www.caririemacao.com\/1\/wp-json\/wp\/v2\/tags?post=132382"}],"curies":[{"name":"wp","href":"https:\/\/api.w.org\/{rel}","templated":true}]}}