{"id":132394,"date":"2019-11-04T09:41:02","date_gmt":"2019-11-04T12:41:02","guid":{"rendered":"http:\/\/www.caririemacao.com\/1\/?p=132394"},"modified":"2019-11-04T10:40:33","modified_gmt":"2019-11-04T13:40:33","slug":"ex-vereador-de-sume-e-preso-por-porte-ilegal-de-arma","status":"publish","type":"post","link":"https:\/\/www.caririemacao.com\/1\/2019\/11\/04\/ex-vereador-de-sume-e-preso-por-porte-ilegal-de-arma\/","title":{"rendered":"Ex-vereador de Sum\u00e9 \u00e9 preso por porte ilegal de arma"},"content":{"rendered":"\n<p>Nesta segunda-feira (04), por volta de 01h55min, uma guarni\u00e7\u00e3o da Pol\u00edcia Militar ao fazer rondas na cidade de Prata-PB, se deparou com um ve\u00edculo Gol de placa MNM 6673 de cor cinza que estava parado, ao fazer a busca pessoal no propriet\u00e1rio, foi encontrado uma faca peixeira na cintura do acusado Marivaldo Alves Vieira, mais conhecido por Nego da Seguran\u00e7a. Ele \u00e9 ex-vereador de Sum\u00e9.<\/p>\n\n\n\n<p>Foi perguntado ao Nego se no carro tinha alguma arma ou droga o mesmo informou que n\u00e3o. Foi realizado a revista veicular, sendo encontrado no interior do autom\u00f3vel: uma espingarda calibre 12 com oito muni\u00e7\u00f5es intactas e um fac\u00e3o de 15 polegadas.<\/p>\n\n\n\n<p>Nego e os materiais apreendidos foram levados \u00e0 Delegacia de Monteiro para os procedimentos cab\u00edveis. <\/p>\n","protected":false},"excerpt":{"rendered":"<p>Nesta segunda-feira (04), por volta de 01h55min, uma guarni\u00e7\u00e3o da Pol\u00edcia Militar ao fazer rondas na cidade de Prata-PB, se deparou com um ve\u00edculo Gol&hellip; <\/p>\n","protected":false},"author":2,"featured_media":132417,"comment_status":"closed","ping_status":"closed","sticky":false,"template":"","format":"standard","meta":{"sfsi_plus_gutenberg_text_before_share":"","sfsi_plus_gutenberg_show_text_before_share":"","sfsi_plus_gutenberg_icon_type":"","sfsi_plus_gutenberg_icon_alignemt":"","sfsi_plus_gutenburg_max_per_row":"","footnotes":""},"categories":[50,12],"tags":[],"class_list":["post-132394","post","type-post","status-publish","format-standard","has-post-thumbnail","hentry","category-destaque","category-policia"],"_links":{"self":[{"href":"https:\/\/www.caririemacao.com\/1\/wp-json\/wp\/v2\/posts\/132394","targetHints":{"allow":["GET"]}}],"collection":[{"href":"https:\/\/www.caririemacao.com\/1\/wp-json\/wp\/v2\/posts"}],"about":[{"href":"https:\/\/www.caririemacao.com\/1\/wp-json\/wp\/v2\/types\/post"}],"author":[{"embeddable":true,"href":"https:\/\/www.caririemacao.com\/1\/wp-json\/wp\/v2\/users\/2"}],"replies":[{"embeddable":true,"href":"https:\/\/www.caririemacao.com\/1\/wp-json\/wp\/v2\/comments?post=132394"}],"version-history":[{"count":3,"href":"https:\/\/www.caririemacao.com\/1\/wp-json\/wp\/v2\/posts\/132394\/revisions"}],"predecessor-version":[{"id":132420,"href":"https:\/\/www.caririemacao.com\/1\/wp-json\/wp\/v2\/posts\/132394\/revisions\/132420"}],"wp:featuredmedia":[{"embeddable":true,"href":"https:\/\/www.caririemacao.com\/1\/wp-json\/wp\/v2\/media\/132417"}],"wp:attachment":[{"href":"https:\/\/www.caririemacao.com\/1\/wp-json\/wp\/v2\/media?parent=132394"}],"wp:term":[{"taxonomy":"category","embeddable":true,"href":"https:\/\/www.caririemacao.com\/1\/wp-json\/wp\/v2\/categories?post=132394"},{"taxonomy":"post_tag","embeddable":true,"href":"https:\/\/www.caririemacao.com\/1\/wp-json\/wp\/v2\/tags?post=132394"}],"curies":[{"name":"wp","href":"https:\/\/api.w.org\/{rel}","templated":true}]}}