{"id":132395,"date":"2019-11-04T09:20:04","date_gmt":"2019-11-04T12:20:04","guid":{"rendered":"http:\/\/www.caririemacao.com\/1\/?p=132395"},"modified":"2019-11-04T09:20:04","modified_gmt":"2019-11-04T12:20:04","slug":"inmet-alerta-perigo-potencial-para-baixa-umidade-em-20-cidades-do-cariri-veja-a-lista-completa","status":"publish","type":"post","link":"https:\/\/www.caririemacao.com\/1\/2019\/11\/04\/inmet-alerta-perigo-potencial-para-baixa-umidade-em-20-cidades-do-cariri-veja-a-lista-completa\/","title":{"rendered":"Inmet alerta perigo potencial para baixa umidade em 20 cidades do Cariri; Veja a lista completa"},"content":{"rendered":"\n<p>O Instituto Nacional de Meteorologia emitiu dois alertas de baixa umidade para 116 munic\u00edpios da Para\u00edba. O aviso come\u00e7a a valer \u00e0s 12h deste domingo (3) e segue at\u00e9 as 18h.<\/p>\n\n\n\n<p>O aviso de perigo potencial alerta para umidade relativa do ar variando entre 30% e 20% e para baixo risco de inc\u00eandios florestais e \u00e0 sa\u00fade em munic\u00edpios do Sert\u00e3o, Cariri e Serid\u00f3.<\/p>\n\n\n\n<p>O Inmet recomenda que as pessoas que estejam nessas cidades bebam bastante l\u00edquido, evitem desgaste f\u00edsico nas horas mais secas e evitem exposi\u00e7\u00e3o ao sol nas horas mais quentes do dia.<\/p>\n\n\n\n<p>Um segundo aviso, v\u00e1lido para 70 dessas cidades, todas no Sert\u00e3o paraibano, tem um maior grau de severidade. Nesse caso, a umidade relativa do ar pode variar entre 20% e 12%. H\u00e1 maior risco de inc\u00eandios florestais e \u00e0 sa\u00fade e tamb\u00e9m de ressecamento da pele, desconforto nos olhos, boca e nariz.<\/p>\n\n\n\n<p>Para essas 70 cidades, o Inmet tamb\u00e9m recomenda que a popula\u00e7\u00e3o use hidratante para pele e umidifique o ambiente. Para mais informa\u00e7\u00f5es, o Inmet indica contatar a Defesa Civil (119) ou o Corpo de Bombeiros (193).<\/p>\n\n\n\n<h2 class=\"wp-block-heading\"><strong>Cidades com perigo de baixa umidade (alerta laranja)<\/strong><\/h2>\n\n\n\n<ol class=\"wp-block-list\"><li>Aguiar<\/li><li>Aparecida<\/li><li>Bel\u00e9m Do Brejo Do Cruz<\/li><li>Bernardino Batista<\/li><li>Boa Ventura<\/li><li>Bom Jesus<\/li><li>Bom Sucesso<\/li><li>Bonito De Santa F\u00e9<\/li><li>Brejo Do Cruz<\/li><li>Brejo Dos Santos<\/li><li>Cachoeira Dos \u00cdndios<\/li><li>Cajazeiras<\/li><li>Cajazeirinhas<\/li><li>Carrapateira<\/li><li>Catingueira<\/li><li>Catol\u00e9 Do Rocha<\/li><li>Concei\u00e7\u00e3o<\/li><li>Condado<\/li><li>Coremas<\/li><li>Curral Velho<\/li><li>Diamante<\/li><li>Emas<\/li><li>Ibiara<\/li><li>Igaracy<\/li><li>Itaporanga<\/li><li>Jeric\u00f3<\/li><li>Joca Claudino<\/li><li>Juru<\/li><li>Lagoa<\/li><li>Lastro<\/li><li>Malta<\/li><li>Mana\u00edra<\/li><li>Mariz\u00f3polis<\/li><li>Mato Grosso<\/li><li>Monte Horebe<\/li><li>Nazarezinho<\/li><li>Nova Olinda<\/li><li>Olho D\u2019\u00c1gua<\/li><li>Patos<\/li><li>Paulista<\/li><li>Pedra Branca<\/li><li>Pianc\u00f3<\/li><li>Pombal<\/li><li>Po\u00e7o Dantas<\/li><li>Po\u00e7o De Jos\u00e9 De Moura<\/li><li>Princesa Isabel<\/li><li>Riacho Dos Cavalos<\/li><li>Santa Cruz<\/li><li>Santa Helena<\/li><li>Santa In\u00eas<\/li><li>Santana De Mangueira<\/li><li>Santana Dos Garrotes<\/li><li>Serra Grande<\/li><li>Sousa<\/li><li>S\u00e3o Bentinho<\/li><li>S\u00e3o Bento<\/li><li>S\u00e3o Domingos<\/li><li>S\u00e3o Francisco<\/li><li>S\u00e3o Jos\u00e9 Da Lagoa Tapada<\/li><li>S\u00e3o Jos\u00e9 De Caiana<\/li><li>S\u00e3o Jos\u00e9 De Espinharas<\/li><li>S\u00e3o Jos\u00e9 De Piranhas<\/li><li>S\u00e3o Jos\u00e9 De Princesa<\/li><li>S\u00e3o Jos\u00e9 Do Brejo Do Cruz<\/li><li>S\u00e3o Jo\u00e3o Do Rio Do Peixe<\/li><li>Tavares<\/li><li>Triunfo<\/li><li>Uira\u00fana<\/li><li>Vieir\u00f3polis<\/li><li>Vista Serrana<\/li><\/ol>\n\n\n\n<h2 class=\"wp-block-heading\"><strong>Cidades com perigo potencial de baixa umidade (alerta amarelo)<\/strong><\/h2>\n\n\n\n<ol class=\"wp-block-list\"><li>Aguiar<\/li><li><strong>Amparo<\/strong><\/li><li>Aparecida<\/li><li>Areia De Bara\u00fanas<\/li><li><strong>Assun\u00e7\u00e3o<\/strong><\/li><li>Bel\u00e9m Do Brejo Do Cruz<\/li><li>Bernardino Batista<\/li><li>Boa Ventura<\/li><li>Bom Jesus<\/li><li>Bom Sucesso<\/li><li>Bonito De Santa F\u00e9<\/li><li>Brejo Do Cruz<\/li><li>Brejo Dos Santos<\/li><li>Cachoeira Dos \u00cdndios<\/li><li>Cacimba De Areia<\/li><li>Cacimbas<\/li><li>Cajazeiras<\/li><li>Cajazeirinhas<\/li><li><strong>Camala\u00fa<\/strong><\/li><li>Carrapateira<\/li><li>Catingueira<\/li><li>Catol\u00e9 Do Rocha<\/li><li>Concei\u00e7\u00e3o<\/li><li>Condado<\/li><li><strong>Congo<\/strong><\/li><li>Coremas<\/li><li><strong>Coxixola<\/strong><\/li><li>Curral Velho<\/li><li>Desterro<\/li><li>Diamante<\/li><li>Emas<\/li><li>Frei Martinho<\/li><li><strong>Gurj\u00e3o<\/strong><\/li><li>Ibiara<\/li><li>Igaracy<\/li><li>Imaculada<\/li><li>Itaporanga<\/li><li>Jeric\u00f3<\/li><li>Joca Claudino<\/li><li>Juazeirinho<\/li><li>Junco Do Serid\u00f3<\/li><li>Juru<\/li><li>Lagoa<\/li><li>Lastro<\/li><li><strong>Livramento<\/strong><\/li><li>Malta<\/li><li>Mana\u00edra<\/li><li>Mariz\u00f3polis<\/li><li>Mato Grosso<\/li><li>Matur\u00e9ia<\/li><li>Monte Horebe<\/li><li><strong>Monteiro<\/strong><\/li><li>M\u00e3e D\u2019\u00c1gua<\/li><li>Nazarezinho<\/li><li>Nova Olinda<\/li><li>Nova Palmeira<\/li><li>Olho D\u2019\u00c1gua<\/li><li><strong>Ouro Velho<\/strong><\/li><li><strong>Parari<\/strong><\/li><li>Passagem<\/li><li>Patos<\/li><li>Paulista<\/li><li>Pedra Branca<\/li><li>Pedra Lavrada<\/li><li>Pianc\u00f3<\/li><li>Picu\u00ed<\/li><li>Pombal<\/li><li>Po\u00e7o Dantas<\/li><li>Po\u00e7o De Jos\u00e9 De Moura<\/li><li><strong>Prata<\/strong><\/li><li>Princesa Isabel<\/li><li>Quixab\u00e1<\/li><li>Riacho Dos Cavalos<\/li><li>Salgadinho<\/li><li>Santa Cruz<\/li><li>Santa Helena<\/li><li>Santa In\u00eas<\/li><li>Santa Luzia<\/li><li>Santa Teresinha<\/li><li>Santana De Mangueira<\/li><li>Santana Dos Garrotes<\/li><li><strong>Santo Andr\u00e9<\/strong><\/li><li><strong>Serra Branca<\/strong><\/li><li>Serra Grande<\/li><li>Sousa<\/li><li><strong>Sum\u00e9<\/strong><\/li><li>S\u00e3o Bentinho<\/li><li>S\u00e3o Bento<\/li><li>S\u00e3o Domingos<\/li><li>S\u00e3o Francisco<\/li><li>S\u00e3o Jos\u00e9 Da Lagoa Tapada<\/li><li>S\u00e3o Jos\u00e9 De Caiana<\/li><li>S\u00e3o Jos\u00e9 De Espinharas<\/li><li>S\u00e3o Jos\u00e9 De Piranhas<\/li><li>S\u00e3o Jos\u00e9 De Princesa<\/li><li>S\u00e3o Jos\u00e9 Do Bonfim<\/li><li>S\u00e3o Jos\u00e9 Do Brejo Do Cruz<\/li><li>S\u00e3o Jos\u00e9 Do Sabugi<\/li><li><strong>S\u00e3o Jos\u00e9 Dos Cordeiros<\/strong><\/li><li><strong>S\u00e3o Jo\u00e3o Do Cariri<\/strong><\/li><li>S\u00e3o Jo\u00e3o Do Rio Do Peixe<\/li><li><strong>S\u00e3o Jo\u00e3o Do Tigre<\/strong><\/li><li>S\u00e3o Mamede<\/li><li><strong>S\u00e3o Sebasti\u00e3o Do Umbuzeiro<\/strong><\/li><li>S\u00e3o Vicente Do Serid\u00f3<\/li><li><strong>Tapero\u00e1<\/strong><\/li><li>Tavares<\/li><li>Teixeira<\/li><li>Ten\u00f3rio<\/li><li>Triunfo<\/li><li>Uira\u00fana<\/li><li>Vieir\u00f3polis<\/li><li>Vista Serrana<\/li><li>V\u00e1rzea<\/li><li><strong>Zabel\u00ea<\/strong><\/li><\/ol>\n","protected":false},"excerpt":{"rendered":"<p>O Instituto Nacional de Meteorologia emitiu dois alertas de baixa umidade para 116 munic\u00edpios da Para\u00edba. O aviso come\u00e7a a valer \u00e0s 12h deste domingo&hellip; <\/p>\n","protected":false},"author":1,"featured_media":132396,"comment_status":"closed","ping_status":"closed","sticky":false,"template":"","format":"standard","meta":{"sfsi_plus_gutenberg_text_before_share":"","sfsi_plus_gutenberg_show_text_before_share":"","sfsi_plus_gutenberg_icon_type":"","sfsi_plus_gutenberg_icon_alignemt":"","sfsi_plus_gutenburg_max_per_row":"","footnotes":""},"categories":[6],"tags":[],"class_list":["post-132395","post","type-post","status-publish","format-standard","has-post-thumbnail","hentry","category-cidades"],"_links":{"self":[{"href":"https:\/\/www.caririemacao.com\/1\/wp-json\/wp\/v2\/posts\/132395","targetHints":{"allow":["GET"]}}],"collection":[{"href":"https:\/\/www.caririemacao.com\/1\/wp-json\/wp\/v2\/posts"}],"about":[{"href":"https:\/\/www.caririemacao.com\/1\/wp-json\/wp\/v2\/types\/post"}],"author":[{"embeddable":true,"href":"https:\/\/www.caririemacao.com\/1\/wp-json\/wp\/v2\/users\/1"}],"replies":[{"embeddable":true,"href":"https:\/\/www.caririemacao.com\/1\/wp-json\/wp\/v2\/comments?post=132395"}],"version-history":[{"count":1,"href":"https:\/\/www.caririemacao.com\/1\/wp-json\/wp\/v2\/posts\/132395\/revisions"}],"predecessor-version":[{"id":132397,"href":"https:\/\/www.caririemacao.com\/1\/wp-json\/wp\/v2\/posts\/132395\/revisions\/132397"}],"wp:featuredmedia":[{"embeddable":true,"href":"https:\/\/www.caririemacao.com\/1\/wp-json\/wp\/v2\/media\/132396"}],"wp:attachment":[{"href":"https:\/\/www.caririemacao.com\/1\/wp-json\/wp\/v2\/media?parent=132395"}],"wp:term":[{"taxonomy":"category","embeddable":true,"href":"https:\/\/www.caririemacao.com\/1\/wp-json\/wp\/v2\/categories?post=132395"},{"taxonomy":"post_tag","embeddable":true,"href":"https:\/\/www.caririemacao.com\/1\/wp-json\/wp\/v2\/tags?post=132395"}],"curies":[{"name":"wp","href":"https:\/\/api.w.org\/{rel}","templated":true}]}}