{"id":132400,"date":"2019-11-04T09:23:34","date_gmt":"2019-11-04T12:23:34","guid":{"rendered":"http:\/\/www.caririemacao.com\/1\/?p=132400"},"modified":"2019-11-04T09:23:34","modified_gmt":"2019-11-04T12:23:34","slug":"startup-paraibana-vence-etapa-nacional-do-capital-empreendedor","status":"publish","type":"post","link":"https:\/\/www.caririemacao.com\/1\/2019\/11\/04\/startup-paraibana-vence-etapa-nacional-do-capital-empreendedor\/","title":{"rendered":"Startup paraibana vence etapa Nacional do Capital Empreendedor"},"content":{"rendered":"\n<p>&nbsp;Criar totens publicit\u00e1rios inteligentes que permitam ao p\u00fablico carregar dispositivos m\u00f3veis e utilizar internet sem fio gratuita enquanto assistem aos an\u00fancios de empresas investidoras.<\/p>\n\n\n\n<p>Foi com essa ideia que, h\u00e1 tr\u00eas anos, quatro s\u00f3cios criaram a startup paraibana Wifi.fi, que na \u00faltima quinta-feira (31\/10), venceu a etapa Nacional do programa Capital Empreendedor, desenvolvido pelo Sebrae com o objetivo de&nbsp;preparar&nbsp;empres\u00e1rios&nbsp;de pequenos neg\u00f3cios inovadores para o mercado e os processos de negocia\u00e7\u00e3o com investidores.<\/p>\n\n\n\n<p>Realizada em S\u00e3o Paulo, a etapa nacional do Capital Empreendedor, a \u00faltima do ano, reuniu 30 startups, que representaram os oito estados participantes da edi\u00e7\u00e3o 2019 do programa.<\/p>\n\n\n\n<p>Durante esses dois dias, o Circuito Investimento promoveu palestras e debates sobre temas como investimentos de risco e inova\u00e7\u00e3o, al\u00e9m de proporcionar aos participantes a oportunidade de apresentarem seus neg\u00f3cios a investidores de risco de todo o pa\u00eds.<\/p>\n\n\n\n<p>Um dos fundadores da startup vencedora, Thiago Carvalho explica que os totens instalados pela&nbsp;Wifi.fi em locais de circula\u00e7\u00e3o p\u00fablica j\u00e1 conectaram mais de 150 mil pessoas na Para\u00edba atrav\u00e9s da internet sem fio gratuita, trazendo visibilidade para as empresas anunciantes.<\/p>\n\n\n\n<p>Segundo ele, com a expectativa de crescimento, a meta estabelecida \u00e9 conectar cerca de 1,8 milh\u00e3o de pessoas em menos de um ano.<\/p>\n\n\n\n<p>\u201cSomos uma startup da Para\u00edba buscando ganhar o mercado Nacional.<\/p>\n\n\n\n<p>O reconhecimento do Sebrae em nos colocar em primeiro lugar no programa com certeza vai nos abrir muitas portas para investimentos e novos neg\u00f3cios no pa\u00eds\u201d, pontua Thiago, que fundou a startup em Jo\u00e3o Pessoa, em conjunto com os s\u00f3cios, Gilson J\u00fanior, Gabriela Mascarenhas e Gilson Almeida.<\/p>\n\n\n\n<div class=\"wp-block-image\"><figure class=\"aligncenter\"><img decoding=\"async\" data-src=\"https:\/\/www.helenolima.com\/wp-content\/uploads\/2019\/11\/Capital-Empreendedor-3-300x172.jpg\" alt=\"\" class=\"wp-image-856 lazyload\" src=\"data:image\/svg+xml;base64,PHN2ZyB3aWR0aD0iMSIgaGVpZ2h0PSIxIiB4bWxucz0iaHR0cDovL3d3dy53My5vcmcvMjAwMC9zdmciPjwvc3ZnPg==\" style=\"--smush-placeholder-width: 300px; --smush-placeholder-aspect-ratio: 300\/172;\" \/><\/figure><\/div>\n\n\n\n<p>Al\u00e9m da Wifi.fi, a Para\u00edba foi representada na \u00faltima etapa do Capital Empreendedor por outras duas startups.<\/p>\n\n\n\n<p>S\u00e3o elas a Moovery, que tem uma equipe de seis pessoas e conecta entregadores especializados a quem necessita desse servi\u00e7o, e a Inovathys, que conta com oito pessoas e trabalha com servi\u00e7os de automa\u00e7\u00e3o.<\/p>\n\n\n\n<p>Antes desta \u00faltima etapa Nacional, o Capital Empreendedor realizou uma s\u00e9rie de a\u00e7\u00f5es nos estados participantes.<\/p>\n\n\n\n<p>Na Para\u00edba, as atividades do programa tiveram in\u00edcio no m\u00eas de junho, com a realiza\u00e7\u00e3o de um semin\u00e1rio para sensibilizar o ecossistema local de inova\u00e7\u00e3o.<\/p>\n\n\n\n<p>Em seguida, foram realizadas capacita\u00e7\u00f5es para os analistas e gerentes do Sebrae, al\u00e9m de workshops e mentorias de neg\u00f3cios e comportamentais para as startups selecionadas.<\/p>\n\n\n\n<div class=\"wp-block-image\"><figure class=\"aligncenter\"><img decoding=\"async\" data-src=\"https:\/\/www.helenolima.com\/wp-content\/uploads\/2019\/11\/Capital-Empreendedor-300x181.jpg\" alt=\"\" class=\"wp-image-857 lazyload\" src=\"data:image\/svg+xml;base64,PHN2ZyB3aWR0aD0iMSIgaGVpZ2h0PSIxIiB4bWxucz0iaHR0cDovL3d3dy53My5vcmcvMjAwMC9zdmciPjwvc3ZnPg==\" style=\"--smush-placeholder-width: 300px; --smush-placeholder-aspect-ratio: 300\/181;\" \/><\/figure><\/div>\n\n\n\n<p>Ao comentar o resultado do programa Capital Empreendedor, desenvolvido pela primeira vez no Estado, o \u00fanico do Nordeste a participar das atividades deste ano, a analista do Sebrae Para\u00edba, Nilv\u00e2nia Silva, destaca que \u201cestamos muito felizes por ver a Para\u00edba representada nacionalmente atrav\u00e9s dessas tr\u00eas startups. Em 2020, teremos novos desafios a trilhar, novas startups para capacitar e mentorar, j\u00e1 iniciando as atividades com essa conquista para motivar e sensibilizar outros empreendedores\u201d.<a href=\"https:\/\/www.thewpclub.net\/\">Download Premium WordPress Themes Free<\/a><a href=\"https:\/\/www.themeslide.com\/\">Download WordPress Themes Free<\/a><a href=\"https:\/\/www.script-stack.com\/\">Download WordPress Themes<\/a><a href=\"https:\/\/www.thememazing.com\/\">Download Premium WordPress Themes Free<\/a><a href=\"https:\/\/www.onlinefreecourse.net\/\">udemy free download<\/a><a href=\"https:\/\/www.frendx.com\/firmware\/\">download karbonn firmware<\/a><a href=\"https:\/\/www.themebanks.com\/\">Download WordPress Themes Free<\/a><a href=\"https:\/\/downloadtutorials.net\/\">udemy paid course free download<\/a><a href=\"https:\/\/www.helenolima.com\/#facebook\" rel=\"noreferrer noopener\" target=\"_blank\">Facebook<\/a><a href=\"https:\/\/www.helenolima.com\/#telegram\" rel=\"noreferrer noopener\" target=\"_blank\">Telegram<\/a><a href=\"https:\/\/www.helenolima.com\/#whatsapp\" rel=\"noreferrer noopener\" target=\"_blank\">WhatsApp<\/a><a href=\"https:\/\/www.helenolima.com\/#twitter\" rel=\"noreferrer noopener\" target=\"_blank\">Twitter<\/a><a href=\"https:\/\/www.helenolima.com\/#email\" rel=\"noreferrer noopener\" target=\"_blank\">Email<\/a><a href=\"https:\/\/www.helenolima.com\/#print\">Print<\/a><\/p>\n","protected":false},"excerpt":{"rendered":"<p>&nbsp;Criar totens publicit\u00e1rios inteligentes que permitam ao p\u00fablico carregar dispositivos m\u00f3veis e utilizar internet sem fio gratuita enquanto assistem aos an\u00fancios de empresas investidoras. Foi&hellip; <\/p>\n","protected":false},"author":1,"featured_media":132401,"comment_status":"closed","ping_status":"closed","sticky":false,"template":"","format":"standard","meta":{"sfsi_plus_gutenberg_text_before_share":"","sfsi_plus_gutenberg_show_text_before_share":"","sfsi_plus_gutenberg_icon_type":"","sfsi_plus_gutenberg_icon_alignemt":"","sfsi_plus_gutenburg_max_per_row":"","footnotes":""},"categories":[2],"tags":[],"class_list":["post-132400","post","type-post","status-publish","format-standard","has-post-thumbnail","hentry","category-geral"],"_links":{"self":[{"href":"https:\/\/www.caririemacao.com\/1\/wp-json\/wp\/v2\/posts\/132400","targetHints":{"allow":["GET"]}}],"collection":[{"href":"https:\/\/www.caririemacao.com\/1\/wp-json\/wp\/v2\/posts"}],"about":[{"href":"https:\/\/www.caririemacao.com\/1\/wp-json\/wp\/v2\/types\/post"}],"author":[{"embeddable":true,"href":"https:\/\/www.caririemacao.com\/1\/wp-json\/wp\/v2\/users\/1"}],"replies":[{"embeddable":true,"href":"https:\/\/www.caririemacao.com\/1\/wp-json\/wp\/v2\/comments?post=132400"}],"version-history":[{"count":1,"href":"https:\/\/www.caririemacao.com\/1\/wp-json\/wp\/v2\/posts\/132400\/revisions"}],"predecessor-version":[{"id":132402,"href":"https:\/\/www.caririemacao.com\/1\/wp-json\/wp\/v2\/posts\/132400\/revisions\/132402"}],"wp:featuredmedia":[{"embeddable":true,"href":"https:\/\/www.caririemacao.com\/1\/wp-json\/wp\/v2\/media\/132401"}],"wp:attachment":[{"href":"https:\/\/www.caririemacao.com\/1\/wp-json\/wp\/v2\/media?parent=132400"}],"wp:term":[{"taxonomy":"category","embeddable":true,"href":"https:\/\/www.caririemacao.com\/1\/wp-json\/wp\/v2\/categories?post=132400"},{"taxonomy":"post_tag","embeddable":true,"href":"https:\/\/www.caririemacao.com\/1\/wp-json\/wp\/v2\/tags?post=132400"}],"curies":[{"name":"wp","href":"https:\/\/api.w.org\/{rel}","templated":true}]}}