{"id":132425,"date":"2019-11-04T10:41:10","date_gmt":"2019-11-04T13:41:10","guid":{"rendered":"http:\/\/www.caririemacao.com\/1\/?p=132425"},"modified":"2019-11-04T10:41:10","modified_gmt":"2019-11-04T13:41:10","slug":"bolsonaro-sobre-psl-80-de-chance-de-sair","status":"publish","type":"post","link":"https:\/\/www.caririemacao.com\/1\/2019\/11\/04\/bolsonaro-sobre-psl-80-de-chance-de-sair\/","title":{"rendered":"Bolsonaro sobre PSL: \u201880% de chance de sair\u2019"},"content":{"rendered":"\n<p>O presidente Jair Bolsonaro afirmou neste domingo que \u00e9 grande a probabilidade de ele deixar o PSL e fundar uma nova sigla. \u201c\u00c9 80% para sair e 90% para criar um novo partido, que vai come\u00e7ar do zero. Sem televis\u00e3o, sem fundo partid\u00e1rio, sem nada\u201d, disse o presidente, em entrevista ao Domingo Espetacular, da TV Record.<\/p>\n\n\n\n<p>Bolsonaro disse que a perspectiva \u00e9 recolher assinaturas junto ao eleitorado para que o partido esteja pronto \u201cat\u00e9 mar\u00e7o\u201d.<\/p>\n\n\n\n<p>\u201cEu posso sair do partido. Eu quero apenas uma determina\u00e7\u00e3o: transpar\u00eancia. Mais nada. Eu n\u00e3o estou brigando por recurso do fundo partid\u00e1rio. Eu quero que o partido n\u00e3o tenha problema com as elei\u00e7\u00f5es municipais do ano que vem e com uma poss\u00edvel reelei\u00e7\u00e3o minha em 2022\u201d, disse Bolsonaro, voltando a lembrar a pr\u00f3xima elei\u00e7\u00e3o presidencial. Neste domingo, o seu filho deputado Eduardo Bolsonaro (PSL-SP) tamb\u00e9m declarou que \u201co mais prov\u00e1vel \u00e9 a n\u00e3o perman\u00eancia\u201d na sigla pela qual ele e o pai se elegeram em 2018.<\/p>\n\n\n\n<p>Em briga com o PSL h\u00e1 alguns meses, o presidente enviou emiss\u00e1rios para saber se o Partido Militar Brasileiro pode abrig\u00e1-lo, caso decida deixar a legenda pela qual foi eleito. A nova sigla \u00e9 articulada pelo coordenador da bancada da bala, deputado Capit\u00e3o Augusto (PL-SP), e est\u00e1 em fase final de cria\u00e7\u00e3o, aguardando apenas o aval do Tribunal Superior Eleitoral (TSE).<\/p>\n\n\n\n<p>Um dos emiss\u00e1rios foi o ex-deputado Alberto Fraga (DEM-DF), ex-coordenador da bancada da bala e amigo pessoal de Bolsonaro. H\u00e1 duas semanas, ele procurou o deputado do PL por telefone para saber o que faltaria para colocar a nova legenda de p\u00e9.<\/p>\n\n\n\n<p>O pedido de cria\u00e7\u00e3o do Partido Militar Brasileiro foi protocolado na Corte Eleitoral em fevereiro de 2018, ap\u00f3s Augusto cumprir todas as etapas para o registro \u2013 coletar ao menos 491,9 mil assinaturas em, no m\u00ednimo, nove Estados, preparar estatuto e programa partid\u00e1rio e realizar ato de funda\u00e7\u00e3o. At\u00e9 hoje, por\u00e9m, o TSE n\u00e3o definiu um relator para a solicita\u00e7\u00e3o e n\u00e3o h\u00e1 prazo para que isso ocorra.<\/p>\n","protected":false},"excerpt":{"rendered":"<p>O presidente Jair Bolsonaro afirmou neste domingo que \u00e9 grande a probabilidade de ele deixar o PSL e fundar uma nova sigla. \u201c\u00c9 80% para&hellip; <\/p>\n","protected":false},"author":1,"featured_media":131966,"comment_status":"closed","ping_status":"closed","sticky":false,"template":"","format":"standard","meta":{"sfsi_plus_gutenberg_text_before_share":"","sfsi_plus_gutenberg_show_text_before_share":"","sfsi_plus_gutenberg_icon_type":"","sfsi_plus_gutenberg_icon_alignemt":"","sfsi_plus_gutenburg_max_per_row":"","footnotes":""},"categories":[11],"tags":[],"class_list":["post-132425","post","type-post","status-publish","format-standard","has-post-thumbnail","hentry","category-politica"],"_links":{"self":[{"href":"https:\/\/www.caririemacao.com\/1\/wp-json\/wp\/v2\/posts\/132425","targetHints":{"allow":["GET"]}}],"collection":[{"href":"https:\/\/www.caririemacao.com\/1\/wp-json\/wp\/v2\/posts"}],"about":[{"href":"https:\/\/www.caririemacao.com\/1\/wp-json\/wp\/v2\/types\/post"}],"author":[{"embeddable":true,"href":"https:\/\/www.caririemacao.com\/1\/wp-json\/wp\/v2\/users\/1"}],"replies":[{"embeddable":true,"href":"https:\/\/www.caririemacao.com\/1\/wp-json\/wp\/v2\/comments?post=132425"}],"version-history":[{"count":1,"href":"https:\/\/www.caririemacao.com\/1\/wp-json\/wp\/v2\/posts\/132425\/revisions"}],"predecessor-version":[{"id":132427,"href":"https:\/\/www.caririemacao.com\/1\/wp-json\/wp\/v2\/posts\/132425\/revisions\/132427"}],"wp:featuredmedia":[{"embeddable":true,"href":"https:\/\/www.caririemacao.com\/1\/wp-json\/wp\/v2\/media\/131966"}],"wp:attachment":[{"href":"https:\/\/www.caririemacao.com\/1\/wp-json\/wp\/v2\/media?parent=132425"}],"wp:term":[{"taxonomy":"category","embeddable":true,"href":"https:\/\/www.caririemacao.com\/1\/wp-json\/wp\/v2\/categories?post=132425"},{"taxonomy":"post_tag","embeddable":true,"href":"https:\/\/www.caririemacao.com\/1\/wp-json\/wp\/v2\/tags?post=132425"}],"curies":[{"name":"wp","href":"https:\/\/api.w.org\/{rel}","templated":true}]}}