{"id":132432,"date":"2019-11-04T10:45:09","date_gmt":"2019-11-04T13:45:09","guid":{"rendered":"http:\/\/www.caririemacao.com\/1\/?p=132432"},"modified":"2019-11-04T10:45:09","modified_gmt":"2019-11-04T13:45:09","slug":"empreendedores-criam-projeto-de-tratamento-de-agua-a-precos-populares","status":"publish","type":"post","link":"https:\/\/www.caririemacao.com\/1\/2019\/11\/04\/empreendedores-criam-projeto-de-tratamento-de-agua-a-precos-populares\/","title":{"rendered":"Empreendedores criam projeto de tratamento de \u00e1gua a pre\u00e7os populares"},"content":{"rendered":"\n<p>Empreendedores do norte do Paran\u00e1 desenvolveram um projeto de microesta\u00e7\u00e3o sustent\u00e1vel para tratamento de \u00e1gua em \u00e1reas agr\u00edcolas. Chamado Saneia, o projeto \u00e9 um dos sete integrantes do Programa Natureza Empreendera, da Funda\u00e7\u00e3o Grupo Botic\u00e1rio de Prote\u00e7\u00e3o \u00e0 Natureza, em parceria com o Servi\u00e7o Brasileiro de Apoio \u00e0s Micro e Pequenas Empresas (Sebrae) do Paran\u00e1, que at\u00e9 2023 vai implantar solu\u00e7\u00f5es para problemas ambientais no litoral norte do estado, com o vi\u00e9s do empreendedorismo.<\/p>\n\n\n\n<p>O Saneia \u00e9 resultado de debates entre participantes de um dos sete grupos que reuniram 35 empreendedores, dos 70 inscritos no programa, para a apresenta\u00e7\u00e3o de propostas que associassem renda com impacto social positivo no meio ambiente, nos munic\u00edpios de Antonina, Morretes, Paranagu\u00e1 e Guaraque\u00e7aba. \u201cOs 35 se aglutinaram em sete grupos e cada um preparou prot\u00f3tipos de ideias e neg\u00f3cios diferentes. Com o apoio dos consultores do Sebrae, as ideias se transformaram em modelos de neg\u00f3cios, com defini\u00e7\u00e3o de quanto seria a receita, o p\u00fablico-alvo, o investimento necess\u00e1rio para sair do papel\u201d, informou o coordenador de Neg\u00f3cios e Biodiversidade da Funda\u00e7\u00e3o Grupo Botic\u00e1rio de Prote\u00e7\u00e3o \u00e0 Natureza, Guilherme Karam, em entrevista \u00e0&nbsp;<strong>Ag\u00eancia Brasil<\/strong>.<\/p>\n\n\n\n<p>\u201cPara chegar ao fim dos cinco anos com bons projetos rodando e ativos, a gente precisaria fazer um programa inicial de idea\u00e7\u00e3o [gera\u00e7\u00e3o de ideias] com foco em modelos de neg\u00f3cio. A gente foi atr\u00e1s de empreendedores nesses quatro munic\u00edpios, que gostariam de aliar desenvolvimento de um modelo de neg\u00f3cios que, al\u00e9m de ser rent\u00e1vel, gere impacto positivo para a sociedade e para o meio ambiente\u201d, completou.<\/p>\n\n\n\n<p>Criado por cinco moradores da regi\u00e3o, a ideia do Saneia \u00e9 tratar o esgoto local e poder reutilizar a \u00e1gua ou devolv\u00ea-la limpa para os rios. Para isso, o neg\u00f3cio prev\u00ea o desenvolvimento do Sistema Mestre, que \u00e9 uma microesta\u00e7\u00e3o sustent\u00e1vel de tratamento de esgoto, especialmente para atender a pequenos produtores rurais, que enfrentam a falta de coleta adequada.<\/p>\n\n\n\n<p>\u201cO mais interessante desse programa \u00e9 que o custo de implanta\u00e7\u00e3o \u00e9 de pouco menos de R$ 500 por fam\u00edlia. Isso \u00e9 surpreendente ao se pensar no custo para ligar uma casa \u00e0 rede de esgoto, quando existe\u201d, comentou Karam.<\/p>\n\n\n\n<h2 class=\"wp-block-heading\">Modelo<\/h2>\n\n\n\n<p>Na primeira fase do processo, a filtragem do esgoto \u00e9 feita por plantas, que retiram a mat\u00e9ria org\u00e2nica e os metais pesados, atuando como um sistema de fitorremedia\u00e7\u00e3o. Depois, a \u00e1gua passa por um reator de bact\u00e9rias, capaz de remover 99% dos microrganismos presentes. O criador do reator, o produtor Wilson Cunha Gon\u00e7alvez, informou que construiu o equipamento porque trabalha com depura\u00e7\u00e3o de ostras e necessita de \u00e1gua limpa. \u201cEu precisava liberar \u00e1gua limpa no ambiente e inventei um reator para liberar a minha \u00e1gua. Veio um estalo de que poderia utilizar tamb\u00e9m na desinfec\u00e7\u00e3o de esgoto. Acabei fazendo um prot\u00f3tipo pequeno para ser acess\u00edvel a moradores de \u00e1reas isoladas e pobres e em ilhas. Ent\u00e3o, ele se tornou algo bem vers\u00e1til\u201d, disse o inventor.<\/p>\n\n\n\n<p>Para Wilson, uma das grandes vantagens do Saneia \u00e9 a possibilidade de interliga\u00e7\u00e3o de v\u00e1rias casas a um mesmo sistema, o que permitir\u00e1 a redu\u00e7\u00e3o de custos divididos pelos pequenos propriet\u00e1rios rurais. Na utiliza\u00e7\u00e3o que fazia com o sistema de decanta\u00e7\u00e3o, ele j\u00e1 tinha obtido o laudo do Conselho Nacional do Meio Ambiente (Conama), atestando a possibilidade de liberar a \u00e1gua no meio ambiente depois desse tratamento. \u201cA minha \u00e1gua que sai direto do sistema de tratamento, por decanta\u00e7\u00e3o, j\u00e1 d\u00e1 reuso pelo Conama\u201d, informou. Com a evolu\u00e7\u00e3o do reator, a \u00e1gua poder\u00e1 ser utilizada para molhar plantas, sem problemas no contato humano.<\/p>\n\n\n\n<p>Segundo ele, agora, o Saneia precisa da certifica\u00e7\u00e3o de excel\u00eancia, com a qual v\u00e3o surgir os investidores para garantir que mais produtores possam ser atendidos pelo Sistema Mestre. \u201cSem atingir a excel\u00eancia, n\u00e3o vou p\u00f4r o reator no mercado, mas acredito que no m\u00e1ximo em 30 dias eu consiga atingir a excel\u00eancia\u201d, contou, acrescentando que aguarda o resultado desse outro laudo.<\/p>\n\n\n\n<p>Maria Alice de Moraes, participante do projeto que criou o Sistema Mestre, est\u00e1 otimista com a sua implementa\u00e7\u00e3o. \u201cA ideia \u00e9 que o projeto v\u00e1 para a frente. Estamos super empolgados e animados e procurando formas de fazer isso acontecer\u201d, disse.<\/p>\n\n\n\n<p>De acordo com a Funda\u00e7\u00e3o Botic\u00e1rio, a opera\u00e7\u00e3o da microesta\u00e7\u00e3o requer uma equipe de tr\u00eas pessoas para fazer a manuten\u00e7\u00e3o, possibilitando ainda a cria\u00e7\u00e3o de empregos na comunidade.<\/p>\n\n\n\n<h2 class=\"wp-block-heading\">Acesso \u00e0 coleta<\/h2>\n\n\n\n<p>Dados do Sistema Nacional de Informa\u00e7\u00f5es sobre Saneamento (SNIS), indicam que quase 100 milh\u00f5es de brasileiros n\u00e3o t\u00eam acesso \u00e0 coleta de esgoto e aproximadamente 54% dos esgotos do pa\u00eds n\u00e3o s\u00e3o tratados. \u201cAcredito que a for\u00e7a desse projeto \u00e9 tentar diminuir essa taxa, pelo menos em alguns locais do pa\u00eds, nessa quest\u00e3o de esgoto. Todo cidad\u00e3o deveria ter na sua casa um sistema de saneamento decente\u201d, afirmou Maria Alice, lembrando que, em Antonina, 70,63% da popula\u00e7\u00e3o n\u00e3o t\u00eam tratamento de esgoto. \u201c\u00c9 extremamente prec\u00e1rio. \u00c9 esgoto a c\u00e9u aberto e pessoas que morrem por alguma contamina\u00e7\u00e3o. \u00c9 bem complicado\u201d.<\/p>\n\n\n\n<p>Maria Alice, que estuda Tecnologia em Gest\u00e3o Ambiental, alertou que no litoral paranaense, onde se desenvolve o Programa Natureza Empreendedora, a falta de saneamento ainda se reflete na polui\u00e7\u00e3o das praias. \u201cA gente v\u00ea a quantidade de esgoto jogada nas praias, al\u00e9m de causar v\u00e1rios problemas \u00e0 sa\u00fade, que \u00e9 um ponto principal, ainda faz com que a gente perca o turismo e v\u00e1rias coisas que teria com um local limpo\u201d.<\/p>\n\n\n\n<p>O Programa Natureza Empreendedora come\u00e7ou em 2018 com o objetivo de identificar o potencial empreendedor, aliado \u00e0 conserva\u00e7\u00e3o da Mata Atl\u00e2ntica, em alguns munic\u00edpios da regi\u00e3o do Lagamar paranaense.<\/p>\n\n\n\n<h2 class=\"wp-block-heading\">\u00c1rea preservada<\/h2>\n\n\n\n<p>Guilherme Karam destacou que o local onde o projeto \u00e9 desenvolvido integra a maior \u00e1rea remanescente cont\u00ednua de Mata Atl\u00e2ntica conservada no Brasil, com quase 2 milh\u00f5es de hectares de floresta continua, numa regi\u00e3o que vai do norte de Santa Catarina ao sul de S\u00e3o Paulo. \u201cPara conserv\u00e1-lo, uma das formas \u00e9 por meio do empreendedorismo positivo. A gente entende o est\u00edmulo a neg\u00f3cios de impactos positivos, que s\u00e3o os que, al\u00e9m de gerar lucro, deixam impacto positivo para a sociedade e para a natureza. \u00c9 um caminho interessante para gerar conserva\u00e7\u00e3o da biodiversidade\u201d, disse.<\/p>\n","protected":false},"excerpt":{"rendered":"<p>Empreendedores do norte do Paran\u00e1 desenvolveram um projeto de microesta\u00e7\u00e3o sustent\u00e1vel para tratamento de \u00e1gua em \u00e1reas agr\u00edcolas. Chamado Saneia, o projeto \u00e9 um dos&hellip; <\/p>\n","protected":false},"author":1,"featured_media":132434,"comment_status":"closed","ping_status":"closed","sticky":false,"template":"","format":"standard","meta":{"sfsi_plus_gutenberg_text_before_share":"","sfsi_plus_gutenberg_show_text_before_share":"","sfsi_plus_gutenberg_icon_type":"","sfsi_plus_gutenberg_icon_alignemt":"","sfsi_plus_gutenburg_max_per_row":"","footnotes":""},"categories":[2],"tags":[],"class_list":["post-132432","post","type-post","status-publish","format-standard","has-post-thumbnail","hentry","category-geral"],"_links":{"self":[{"href":"https:\/\/www.caririemacao.com\/1\/wp-json\/wp\/v2\/posts\/132432","targetHints":{"allow":["GET"]}}],"collection":[{"href":"https:\/\/www.caririemacao.com\/1\/wp-json\/wp\/v2\/posts"}],"about":[{"href":"https:\/\/www.caririemacao.com\/1\/wp-json\/wp\/v2\/types\/post"}],"author":[{"embeddable":true,"href":"https:\/\/www.caririemacao.com\/1\/wp-json\/wp\/v2\/users\/1"}],"replies":[{"embeddable":true,"href":"https:\/\/www.caririemacao.com\/1\/wp-json\/wp\/v2\/comments?post=132432"}],"version-history":[{"count":1,"href":"https:\/\/www.caririemacao.com\/1\/wp-json\/wp\/v2\/posts\/132432\/revisions"}],"predecessor-version":[{"id":132435,"href":"https:\/\/www.caririemacao.com\/1\/wp-json\/wp\/v2\/posts\/132432\/revisions\/132435"}],"wp:featuredmedia":[{"embeddable":true,"href":"https:\/\/www.caririemacao.com\/1\/wp-json\/wp\/v2\/media\/132434"}],"wp:attachment":[{"href":"https:\/\/www.caririemacao.com\/1\/wp-json\/wp\/v2\/media?parent=132432"}],"wp:term":[{"taxonomy":"category","embeddable":true,"href":"https:\/\/www.caririemacao.com\/1\/wp-json\/wp\/v2\/categories?post=132432"},{"taxonomy":"post_tag","embeddable":true,"href":"https:\/\/www.caririemacao.com\/1\/wp-json\/wp\/v2\/tags?post=132432"}],"curies":[{"name":"wp","href":"https:\/\/api.w.org\/{rel}","templated":true}]}}