{"id":132442,"date":"2019-11-04T10:47:14","date_gmt":"2019-11-04T13:47:14","guid":{"rendered":"http:\/\/www.caririemacao.com\/1\/?p=132442"},"modified":"2019-11-04T10:47:14","modified_gmt":"2019-11-04T13:47:14","slug":"inss-sai-regra-para-beneficiario-que-vive-no-exterior-comprovar-vida","status":"publish","type":"post","link":"https:\/\/www.caririemacao.com\/1\/2019\/11\/04\/inss-sai-regra-para-beneficiario-que-vive-no-exterior-comprovar-vida\/","title":{"rendered":"INSS: sai regra para benefici\u00e1rio que vive no exterior comprovar vida"},"content":{"rendered":"\n<p>Uma resolu\u00e7\u00e3o publicada pelo Minist\u00e9rio da Economia no&nbsp;<a href=\"http:\/\/www.in.gov.br\/web\/dou\/-\/resolucao-n-707-de-31-de-outubro-de-2019-225248864\" target=\"_blank\" rel=\"noreferrer noopener\"><em>Di\u00e1rio Oficial da Uni\u00e3o<\/em><\/a>&nbsp;de hoje (4) define as regras para a comprova\u00e7\u00e3o de vida a ser apresentada por benefici\u00e1rios que vivem no exterior, amparados ou n\u00e3o por acordos internacionais.<\/p>\n\n\n\n<p>De acordo com a Resolu\u00e7\u00e3o 707\/19, a comprova\u00e7\u00e3o de vida dever\u00e1 ser feita anualmente, independentemente da forma de recebimento do benef\u00edcio. Sua n\u00e3o realiza\u00e7\u00e3o resultar\u00e1 em bloqueio de cr\u00e9dito, suspens\u00e3o ou cessa\u00e7\u00e3o do benef\u00edcio.<\/p>\n\n\n\n<p>A documenta\u00e7\u00e3o de comprova\u00e7\u00e3o de vida dever\u00e1 ser encaminhada ao INSS \u2013 Instituto Nacional do Seguro Social &#8211;&nbsp; diretamente pelo benefici\u00e1rio, por meio de juntada dos documentos no&nbsp;<a href=\"http:\/\/www.inss.gov.br\/servicos-do-inss\/meu-inss\/\" target=\"_blank\" rel=\"noreferrer noopener\">MEU INSS.<\/a><\/p>\n\n\n\n<p>Segundo o decreto, o registro no MEU INSS n\u00e3o exime o benefici\u00e1rio da obriga\u00e7\u00e3o de entregar os originais da documenta\u00e7\u00e3o aos \u00f3rg\u00e3os do INSS.<\/p>\n\n\n\n<p>No caso em que haja acordos com o pa\u00eds de resid\u00eancia do benefici\u00e1rio, a comprova\u00e7\u00e3o deve ser encaminhada \u00e0 ag\u00eancia de acordos internacionais respons\u00e1vel.<\/p>\n\n\n\n<p>No caso de residentes em pa\u00edses com quem o Brasil n\u00e3o mant\u00e9m acordos internacionais de Previd\u00eancia, a documenta\u00e7\u00e3o deve ser encaminhada por meio da Coordena\u00e7\u00e3o-Geral de Pagamentos e Gest\u00e3o de Servi\u00e7os Previdenci\u00e1rios da Diretoria de Benef\u00edcios.<\/p>\n","protected":false},"excerpt":{"rendered":"<p>Uma resolu\u00e7\u00e3o publicada pelo Minist\u00e9rio da Economia no&nbsp;Di\u00e1rio Oficial da Uni\u00e3o&nbsp;de hoje (4) define as regras para a comprova\u00e7\u00e3o de vida a ser apresentada por&hellip; <\/p>\n","protected":false},"author":1,"featured_media":104414,"comment_status":"closed","ping_status":"closed","sticky":false,"template":"","format":"standard","meta":{"sfsi_plus_gutenberg_text_before_share":"","sfsi_plus_gutenberg_show_text_before_share":"","sfsi_plus_gutenberg_icon_type":"","sfsi_plus_gutenberg_icon_alignemt":"","sfsi_plus_gutenburg_max_per_row":"","footnotes":""},"categories":[2],"tags":[],"class_list":["post-132442","post","type-post","status-publish","format-standard","has-post-thumbnail","hentry","category-geral"],"_links":{"self":[{"href":"https:\/\/www.caririemacao.com\/1\/wp-json\/wp\/v2\/posts\/132442","targetHints":{"allow":["GET"]}}],"collection":[{"href":"https:\/\/www.caririemacao.com\/1\/wp-json\/wp\/v2\/posts"}],"about":[{"href":"https:\/\/www.caririemacao.com\/1\/wp-json\/wp\/v2\/types\/post"}],"author":[{"embeddable":true,"href":"https:\/\/www.caririemacao.com\/1\/wp-json\/wp\/v2\/users\/1"}],"replies":[{"embeddable":true,"href":"https:\/\/www.caririemacao.com\/1\/wp-json\/wp\/v2\/comments?post=132442"}],"version-history":[{"count":1,"href":"https:\/\/www.caririemacao.com\/1\/wp-json\/wp\/v2\/posts\/132442\/revisions"}],"predecessor-version":[{"id":132444,"href":"https:\/\/www.caririemacao.com\/1\/wp-json\/wp\/v2\/posts\/132442\/revisions\/132444"}],"wp:featuredmedia":[{"embeddable":true,"href":"https:\/\/www.caririemacao.com\/1\/wp-json\/wp\/v2\/media\/104414"}],"wp:attachment":[{"href":"https:\/\/www.caririemacao.com\/1\/wp-json\/wp\/v2\/media?parent=132442"}],"wp:term":[{"taxonomy":"category","embeddable":true,"href":"https:\/\/www.caririemacao.com\/1\/wp-json\/wp\/v2\/categories?post=132442"},{"taxonomy":"post_tag","embeddable":true,"href":"https:\/\/www.caririemacao.com\/1\/wp-json\/wp\/v2\/tags?post=132442"}],"curies":[{"name":"wp","href":"https:\/\/api.w.org\/{rel}","templated":true}]}}