{"id":132447,"date":"2019-11-04T14:10:57","date_gmt":"2019-11-04T17:10:57","guid":{"rendered":"http:\/\/www.caririemacao.com\/1\/?p=132447"},"modified":"2019-11-04T14:10:57","modified_gmt":"2019-11-04T17:10:57","slug":"prefeitura-de-sao-joao-do-tigre-organiza-programacao-para-o-dia-de-finados-com-cafe-da-manha-lanche-e-melhorias-no-campo-santo-de-sao-joao-batista","status":"publish","type":"post","link":"https:\/\/www.caririemacao.com\/1\/2019\/11\/04\/prefeitura-de-sao-joao-do-tigre-organiza-programacao-para-o-dia-de-finados-com-cafe-da-manha-lanche-e-melhorias-no-campo-santo-de-sao-joao-batista\/","title":{"rendered":"Prefeitura de S\u00e3o Jo\u00e3o do Tigre organiza programa\u00e7\u00e3o para o Dia de Finados, com caf\u00e9 da manh\u00e3, lanche e melhorias no Campo Santo de S\u00e3o Jo\u00e3o Batista"},"content":{"rendered":"\n<figure class=\"wp-block-image\"><img decoding=\"async\" data-src=\"https:\/\/scontent.fcpv1-1.fna.fbcdn.net\/v\/t1.0-9\/76762566_10211619425279628_8410228964152311808_n.jpg?_nc_cat=107&amp;_nc_oc=AQkNP-wfEKTOE_jIlUtCcdr1VlV_GzuP5_izv515VBLtWInDEEZWyIVXlx-zf6btkP4&amp;_nc_ht=scontent.fcpv1-1.fna&amp;oh=98dd7fae463187ee68cf5da391e9549f&amp;oe=5E5407EE\" alt=\"A imagem pode conter: c\u00e9u e atividades ao ar livre\" src=\"data:image\/svg+xml;base64,PHN2ZyB3aWR0aD0iMSIgaGVpZ2h0PSIxIiB4bWxucz0iaHR0cDovL3d3dy53My5vcmcvMjAwMC9zdmciPjwvc3ZnPg==\" class=\"lazyload\" \/><\/figure>\n\n\n\n<p>A Prefeitura de S\u00e3o Jo\u00e3o do Tigre em parceria com a comunidade cat\u00f3lica do munic\u00edpio, atrav\u00e9s da Igreja de S\u00e3o Jo\u00e3o Batista, acolheram os visitantes que estiveram presentes no \u00faltimo s\u00e1bado, ao cemit\u00e9rio P\u00fablico Campo Santo de S\u00e3o Jo\u00e3o Batista com uma bela programa\u00e7\u00e3o.<br>Foi realizada uma grande missa campal, e a prefeitura municipal atrav\u00e9s de seus funcion\u00e1rios, realizou tamb\u00e9m um grande caf\u00e9 da manh\u00e3 e um lanche durante a tarde.<br>O secret\u00e1rio de desenvolvimento social Elisandro de Andrade fez quest\u00e3o de parabenizar e agradecer a todos os que colaboraram com a realiza\u00e7\u00e3o destes momentos no dia dedicado aos finados.<br>\u201cEm nome do Prefeito Celio Barbosa, da Vice-prefeita Maria Em\u00edlia Medeiros, do Padre Ednaldo, agradecemos a todos (as), inclusive aos funcion\u00e1rios que dedicaram seu dia feriado a este momento de celebra\u00e7\u00e3o\u201d, comentou nas redes sociais o secret\u00e1rio Elisandro.<br><strong>F\u00c1BIO BRITO<\/strong><\/p>\n","protected":false},"excerpt":{"rendered":"<p>A Prefeitura de S\u00e3o Jo\u00e3o do Tigre em parceria com a comunidade cat\u00f3lica do munic\u00edpio, atrav\u00e9s da Igreja de S\u00e3o Jo\u00e3o Batista, acolheram os visitantes&hellip; <\/p>\n","protected":false},"author":1,"featured_media":132449,"comment_status":"closed","ping_status":"closed","sticky":false,"template":"","format":"standard","meta":{"sfsi_plus_gutenberg_text_before_share":"","sfsi_plus_gutenberg_show_text_before_share":"","sfsi_plus_gutenberg_icon_type":"","sfsi_plus_gutenberg_icon_alignemt":"","sfsi_plus_gutenburg_max_per_row":"","footnotes":""},"categories":[6],"tags":[],"class_list":["post-132447","post","type-post","status-publish","format-standard","has-post-thumbnail","hentry","category-cidades"],"_links":{"self":[{"href":"https:\/\/www.caririemacao.com\/1\/wp-json\/wp\/v2\/posts\/132447","targetHints":{"allow":["GET"]}}],"collection":[{"href":"https:\/\/www.caririemacao.com\/1\/wp-json\/wp\/v2\/posts"}],"about":[{"href":"https:\/\/www.caririemacao.com\/1\/wp-json\/wp\/v2\/types\/post"}],"author":[{"embeddable":true,"href":"https:\/\/www.caririemacao.com\/1\/wp-json\/wp\/v2\/users\/1"}],"replies":[{"embeddable":true,"href":"https:\/\/www.caririemacao.com\/1\/wp-json\/wp\/v2\/comments?post=132447"}],"version-history":[{"count":1,"href":"https:\/\/www.caririemacao.com\/1\/wp-json\/wp\/v2\/posts\/132447\/revisions"}],"predecessor-version":[{"id":132450,"href":"https:\/\/www.caririemacao.com\/1\/wp-json\/wp\/v2\/posts\/132447\/revisions\/132450"}],"wp:featuredmedia":[{"embeddable":true,"href":"https:\/\/www.caririemacao.com\/1\/wp-json\/wp\/v2\/media\/132449"}],"wp:attachment":[{"href":"https:\/\/www.caririemacao.com\/1\/wp-json\/wp\/v2\/media?parent=132447"}],"wp:term":[{"taxonomy":"category","embeddable":true,"href":"https:\/\/www.caririemacao.com\/1\/wp-json\/wp\/v2\/categories?post=132447"},{"taxonomy":"post_tag","embeddable":true,"href":"https:\/\/www.caririemacao.com\/1\/wp-json\/wp\/v2\/tags?post=132447"}],"curies":[{"name":"wp","href":"https:\/\/api.w.org\/{rel}","templated":true}]}}