{"id":132455,"date":"2019-11-04T14:12:26","date_gmt":"2019-11-04T17:12:26","guid":{"rendered":"http:\/\/www.caririemacao.com\/1\/?p=132455"},"modified":"2019-11-04T14:12:26","modified_gmt":"2019-11-04T17:12:26","slug":"prefeito-de-ss-do-umbuzeiro-participa-de-evento-de-autorizacao-de-investimentos-de-6-milhoes-de-reais-em-assistencia-social-nos-municipios-paraibanos","status":"publish","type":"post","link":"https:\/\/www.caririemacao.com\/1\/2019\/11\/04\/prefeito-de-ss-do-umbuzeiro-participa-de-evento-de-autorizacao-de-investimentos-de-6-milhoes-de-reais-em-assistencia-social-nos-municipios-paraibanos\/","title":{"rendered":"Prefeito de SS do Umbuzeiro participa de evento de autoriza\u00e7\u00e3o de investimentos de 6 milh\u00f5es de reais em assist\u00eancia social nos munic\u00edpios paraibanos"},"content":{"rendered":"\n<figure class=\"wp-block-image\"><a href=\"https:\/\/1.bp.blogspot.com\/-agLgRb7ywkA\/XcA_VX5frwI\/AAAAAAAAG1Q\/yz3NXO24R0IjfCdCIFvOQdZjCvOzh3oFgCLcBGAsYHQ\/s1600\/1.jpg\"><img decoding=\"async\" data-src=\"https:\/\/1.bp.blogspot.com\/-agLgRb7ywkA\/XcA_VX5frwI\/AAAAAAAAG1Q\/yz3NXO24R0IjfCdCIFvOQdZjCvOzh3oFgCLcBGAsYHQ\/s280\/1.jpg\" alt=\"\" src=\"data:image\/svg+xml;base64,PHN2ZyB3aWR0aD0iMSIgaGVpZ2h0PSIxIiB4bWxucz0iaHR0cDovL3d3dy53My5vcmcvMjAwMC9zdmciPjwvc3ZnPg==\" class=\"lazyload\" \/><\/a><\/figure>\n\n\n\n<p>O prefeito de SS do Umbuzeiro Adriano Wolff participou na manha desta segunda feira, 04, da assinatura da autoriza\u00e7\u00e3o do Cofinanciamento Estadual da Assist\u00eancia Social.<br>V\u00e1rios prefeitos e secret\u00e1rios de desenvolvimento social do Cariri e de toda a Para\u00edba, participaram do evento que aconteceu no Centro de Conven\u00e7\u00f5es na capital paraibana.<br>O prefeito manteve contatos com a secretaria de estado do desenvolvimento humano Gilvaneide \u201cNeidinha\u201d Nunes, com o deputado estadual Adriano Galdino e com o Senador Veneziano Vital, aliados pol\u00edticos e parceiros administrativos da cidade de S\u00e3o Sebasti\u00e3o do Umbuzeiro. &nbsp;<br>O Cofinanciamento Estadual 2019 tem como objetivo a transfer\u00eancia de recursos do Fundo de Assist\u00eancia Social para os Fundos Municipais de Assist\u00eancia Social.Ser\u00e3o disponibilizados R$ 6 milh\u00f5es de reais para os munic\u00edpios paraibanos.<br>Na oportunidade, tamb\u00e9m foi realizada a abertura do CapacitaPB 2019 e houve o in\u00edcio o curso de \u201cAprimoramento da Gest\u00e3o do Suas \u2013 Vigil\u00e2ncia socioassistencial, Gest\u00e3o do Trabalho e Gest\u00e3o Or\u00e7ament\u00e1ria e Financeira<br>F\u00c1BIO BRITO<\/p>\n","protected":false},"excerpt":{"rendered":"<p>O prefeito de SS do Umbuzeiro Adriano Wolff participou na manha desta segunda feira, 04, da assinatura da autoriza\u00e7\u00e3o do Cofinanciamento Estadual da Assist\u00eancia Social.V\u00e1rios&hellip; <\/p>\n","protected":false},"author":1,"featured_media":132457,"comment_status":"closed","ping_status":"closed","sticky":false,"template":"","format":"standard","meta":{"sfsi_plus_gutenberg_text_before_share":"","sfsi_plus_gutenberg_show_text_before_share":"","sfsi_plus_gutenberg_icon_type":"","sfsi_plus_gutenberg_icon_alignemt":"","sfsi_plus_gutenburg_max_per_row":"","footnotes":""},"categories":[6],"tags":[],"class_list":["post-132455","post","type-post","status-publish","format-standard","has-post-thumbnail","hentry","category-cidades"],"_links":{"self":[{"href":"https:\/\/www.caririemacao.com\/1\/wp-json\/wp\/v2\/posts\/132455","targetHints":{"allow":["GET"]}}],"collection":[{"href":"https:\/\/www.caririemacao.com\/1\/wp-json\/wp\/v2\/posts"}],"about":[{"href":"https:\/\/www.caririemacao.com\/1\/wp-json\/wp\/v2\/types\/post"}],"author":[{"embeddable":true,"href":"https:\/\/www.caririemacao.com\/1\/wp-json\/wp\/v2\/users\/1"}],"replies":[{"embeddable":true,"href":"https:\/\/www.caririemacao.com\/1\/wp-json\/wp\/v2\/comments?post=132455"}],"version-history":[{"count":1,"href":"https:\/\/www.caririemacao.com\/1\/wp-json\/wp\/v2\/posts\/132455\/revisions"}],"predecessor-version":[{"id":132458,"href":"https:\/\/www.caririemacao.com\/1\/wp-json\/wp\/v2\/posts\/132455\/revisions\/132458"}],"wp:featuredmedia":[{"embeddable":true,"href":"https:\/\/www.caririemacao.com\/1\/wp-json\/wp\/v2\/media\/132457"}],"wp:attachment":[{"href":"https:\/\/www.caririemacao.com\/1\/wp-json\/wp\/v2\/media?parent=132455"}],"wp:term":[{"taxonomy":"category","embeddable":true,"href":"https:\/\/www.caririemacao.com\/1\/wp-json\/wp\/v2\/categories?post=132455"},{"taxonomy":"post_tag","embeddable":true,"href":"https:\/\/www.caririemacao.com\/1\/wp-json\/wp\/v2\/tags?post=132455"}],"curies":[{"name":"wp","href":"https:\/\/api.w.org\/{rel}","templated":true}]}}