{"id":132463,"date":"2019-11-04T14:13:35","date_gmt":"2019-11-04T17:13:35","guid":{"rendered":"http:\/\/www.caririemacao.com\/1\/?p=132463"},"modified":"2019-11-04T14:13:35","modified_gmt":"2019-11-04T17:13:35","slug":"veneziano-anuncia-emenda-de-r-250-mil-para-saude-de-monteiro","status":"publish","type":"post","link":"https:\/\/www.caririemacao.com\/1\/2019\/11\/04\/veneziano-anuncia-emenda-de-r-250-mil-para-saude-de-monteiro\/","title":{"rendered":"Veneziano anuncia emenda de R$ 250 mil para sa\u00fade de Monteiro"},"content":{"rendered":"\n<p>O senador Veneziano Vital (PSB-PB), anunciou neste final de semana, atrav\u00e9s das redes sociais, uma emenda no valor de R$ 250 mil reais para sa\u00fade do munic\u00edpio de Monteiro.<br>Veneziano destacou que o recurso servir\u00e1 para a realiza\u00e7\u00e3o de investimentos na \u00e1rea da sa\u00fade do munic\u00edpio.&nbsp;<br>Ele ainda destacou que continuar\u00e1 buscando colaborar na luta por recursos para Monteiro e a regi\u00e3o do Cariri em Bras\u00edlia.<\/p>\n","protected":false},"excerpt":{"rendered":"<p>O senador Veneziano Vital (PSB-PB), anunciou neste final de semana, atrav\u00e9s das redes sociais, uma emenda no valor de R$ 250 mil reais para sa\u00fade&hellip; <\/p>\n","protected":false},"author":1,"featured_media":119733,"comment_status":"closed","ping_status":"closed","sticky":false,"template":"","format":"standard","meta":{"sfsi_plus_gutenberg_text_before_share":"","sfsi_plus_gutenberg_show_text_before_share":"","sfsi_plus_gutenberg_icon_type":"","sfsi_plus_gutenberg_icon_alignemt":"","sfsi_plus_gutenburg_max_per_row":"","footnotes":""},"categories":[11],"tags":[],"class_list":["post-132463","post","type-post","status-publish","format-standard","has-post-thumbnail","hentry","category-politica"],"_links":{"self":[{"href":"https:\/\/www.caririemacao.com\/1\/wp-json\/wp\/v2\/posts\/132463","targetHints":{"allow":["GET"]}}],"collection":[{"href":"https:\/\/www.caririemacao.com\/1\/wp-json\/wp\/v2\/posts"}],"about":[{"href":"https:\/\/www.caririemacao.com\/1\/wp-json\/wp\/v2\/types\/post"}],"author":[{"embeddable":true,"href":"https:\/\/www.caririemacao.com\/1\/wp-json\/wp\/v2\/users\/1"}],"replies":[{"embeddable":true,"href":"https:\/\/www.caririemacao.com\/1\/wp-json\/wp\/v2\/comments?post=132463"}],"version-history":[{"count":1,"href":"https:\/\/www.caririemacao.com\/1\/wp-json\/wp\/v2\/posts\/132463\/revisions"}],"predecessor-version":[{"id":132465,"href":"https:\/\/www.caririemacao.com\/1\/wp-json\/wp\/v2\/posts\/132463\/revisions\/132465"}],"wp:featuredmedia":[{"embeddable":true,"href":"https:\/\/www.caririemacao.com\/1\/wp-json\/wp\/v2\/media\/119733"}],"wp:attachment":[{"href":"https:\/\/www.caririemacao.com\/1\/wp-json\/wp\/v2\/media?parent=132463"}],"wp:term":[{"taxonomy":"category","embeddable":true,"href":"https:\/\/www.caririemacao.com\/1\/wp-json\/wp\/v2\/categories?post=132463"},{"taxonomy":"post_tag","embeddable":true,"href":"https:\/\/www.caririemacao.com\/1\/wp-json\/wp\/v2\/tags?post=132463"}],"curies":[{"name":"wp","href":"https:\/\/api.w.org\/{rel}","templated":true}]}}