{"id":132472,"date":"2019-11-04T14:17:03","date_gmt":"2019-11-04T17:17:03","guid":{"rendered":"http:\/\/www.caririemacao.com\/1\/?p=132472"},"modified":"2019-11-04T14:17:03","modified_gmt":"2019-11-04T17:17:03","slug":"joao-azevedo-convoca-aprovados-para-curso-de-soldado","status":"publish","type":"post","link":"https:\/\/www.caririemacao.com\/1\/2019\/11\/04\/joao-azevedo-convoca-aprovados-para-curso-de-soldado\/","title":{"rendered":"Jo\u00e3o Azev\u00eado convoca aprovados para curso de soldado"},"content":{"rendered":"\n<p>O governador Jo\u00e3o Azev\u00eado (PSB) anunciou, na tarde desta segunda-feira (4), a convoca\u00e7\u00e3o &nbsp;da segunda turma para curso de forma\u00e7\u00e3o de soldados. O an\u00fancio foi feito durante o seu programa semanal de r\u00e1dio, o \u2019\u2019Fala Governador\u2019<\/p>\n\n\n\n<p>\u201cExatamente por ter as condi\u00e7\u00f5es \u00e9 que estamos anunciando que a segunda turma do curso de forma\u00e7\u00e3o de soldado ser\u00e1 convocada agora.<\/p>\n\n\n\n<p>De acordo com o socialista, ainda essa semana sair\u00e1 no Di\u00e1rio Oficial do Estado (DOE) a portaria convocat\u00f3ria.<\/p>\n\n\n\n<p><strong>MaisPB<\/strong><\/p>\n","protected":false},"excerpt":{"rendered":"<p>O governador Jo\u00e3o Azev\u00eado (PSB) anunciou, na tarde desta segunda-feira (4), a convoca\u00e7\u00e3o &nbsp;da segunda turma para curso de forma\u00e7\u00e3o de soldados. O an\u00fancio foi&hellip; <\/p>\n","protected":false},"author":1,"featured_media":119325,"comment_status":"closed","ping_status":"closed","sticky":false,"template":"","format":"standard","meta":{"sfsi_plus_gutenberg_text_before_share":"","sfsi_plus_gutenberg_show_text_before_share":"","sfsi_plus_gutenberg_icon_type":"","sfsi_plus_gutenberg_icon_alignemt":"","sfsi_plus_gutenburg_max_per_row":"","footnotes":""},"categories":[11],"tags":[],"class_list":["post-132472","post","type-post","status-publish","format-standard","has-post-thumbnail","hentry","category-politica"],"_links":{"self":[{"href":"https:\/\/www.caririemacao.com\/1\/wp-json\/wp\/v2\/posts\/132472","targetHints":{"allow":["GET"]}}],"collection":[{"href":"https:\/\/www.caririemacao.com\/1\/wp-json\/wp\/v2\/posts"}],"about":[{"href":"https:\/\/www.caririemacao.com\/1\/wp-json\/wp\/v2\/types\/post"}],"author":[{"embeddable":true,"href":"https:\/\/www.caririemacao.com\/1\/wp-json\/wp\/v2\/users\/1"}],"replies":[{"embeddable":true,"href":"https:\/\/www.caririemacao.com\/1\/wp-json\/wp\/v2\/comments?post=132472"}],"version-history":[{"count":1,"href":"https:\/\/www.caririemacao.com\/1\/wp-json\/wp\/v2\/posts\/132472\/revisions"}],"predecessor-version":[{"id":132473,"href":"https:\/\/www.caririemacao.com\/1\/wp-json\/wp\/v2\/posts\/132472\/revisions\/132473"}],"wp:featuredmedia":[{"embeddable":true,"href":"https:\/\/www.caririemacao.com\/1\/wp-json\/wp\/v2\/media\/119325"}],"wp:attachment":[{"href":"https:\/\/www.caririemacao.com\/1\/wp-json\/wp\/v2\/media?parent=132472"}],"wp:term":[{"taxonomy":"category","embeddable":true,"href":"https:\/\/www.caririemacao.com\/1\/wp-json\/wp\/v2\/categories?post=132472"},{"taxonomy":"post_tag","embeddable":true,"href":"https:\/\/www.caririemacao.com\/1\/wp-json\/wp\/v2\/tags?post=132472"}],"curies":[{"name":"wp","href":"https:\/\/api.w.org\/{rel}","templated":true}]}}