{"id":132477,"date":"2019-11-04T14:20:08","date_gmt":"2019-11-04T17:20:08","guid":{"rendered":"http:\/\/www.caririemacao.com\/1\/?p=132477"},"modified":"2019-11-04T14:20:08","modified_gmt":"2019-11-04T17:20:08","slug":"joao-azevedo-vai-a-europa-em-busca-de-investimentos-e-ligia-feliciano-assume-governo-do-estado","status":"publish","type":"post","link":"https:\/\/www.caririemacao.com\/1\/2019\/11\/04\/joao-azevedo-vai-a-europa-em-busca-de-investimentos-e-ligia-feliciano-assume-governo-do-estado\/","title":{"rendered":"Jo\u00e3o Azev\u00eado vai \u00e0 Europa em busca de investimentos e L\u00edgia Feliciano assume Governo do Estado"},"content":{"rendered":"\n<p>O governador Jo\u00e3o Azev\u00eado est\u00e1 com uma viagem marcada para a Europa agora no m\u00eas de novembro juntamente com os governadores do Nordeste em busca de investimentos para a regi\u00e3o. Ele anunciou a viagem nesta segunda-feira (04) durante entrevista coletiva. Os compromissos oficiais come\u00e7am no dia 18 de novembro com reuni\u00f5es na Fran\u00e7a e devem seguir por uma semana ainda na It\u00e1lia e Alemanha.<\/p>\n\n\n\n<p>\u201cOs nove governadores do Nordeste estar\u00e3o numa miss\u00e3o de representa\u00e7\u00e3o pol\u00edtica e, ao mesmo tempo, de atra\u00e7\u00e3o de novos investimentos para a regi\u00e3o\u201d, adiantou Jo\u00e3o Azev\u00eado. Ele ainda explicou que ser\u00e3o feitas reuni\u00f5es com a parte governamental desses pa\u00edses. Em alguns casos, os governadores ser\u00e3o recebidos por primeiros ministros. Mas tamb\u00e9m dever\u00e3o ser feitas reuni\u00f5es \u201ccom ministros de v\u00e1rias \u00e1reas e com todo o segmento empresarial desses pa\u00edses\u201d, de acordo com ele.<\/p>\n\n\n\n<p>Jo\u00e3o Azev\u00eado tamb\u00e9m citou que \u201ca embaixada organizou [as reuni\u00f5es] juntamente com a secretaria executiva do Cons\u00f3rcio Nordeste e n\u00f3s vamos ter, durante uma semana, uma agenda muito intensa nesses tr\u00eas pa\u00edses\u201d.<\/p>\n\n\n\n<p>No per\u00edodo de uma semana, a vice-governadora L\u00edgia Feliciano ir\u00e1 assumir a titularidade do cargo. Questionado sobre a situa\u00e7\u00e3o, Jo\u00e3o Azev\u00eado fez quest\u00e3o de ressaltar que \u201ca governadora L\u00edgia tem nos acompanhado de uma forma intensa na produ\u00e7\u00e3o do que aconteceu nesses dez meses de governo. Ela sabe exatamente, e eu n\u00e3o tenho d\u00favida nenhuma e viajo extremamente tranquilo porque sei da postura, sei do compromisso e sei muito bem que em uma semana ela far\u00e1 com que esse estado continue no mesmo patamar que n\u00f3s iremos deixar\u201d.<\/p>\n","protected":false},"excerpt":{"rendered":"<p>O governador Jo\u00e3o Azev\u00eado est\u00e1 com uma viagem marcada para a Europa agora no m\u00eas de novembro juntamente com os governadores do Nordeste em busca&hellip; <\/p>\n","protected":false},"author":1,"featured_media":132480,"comment_status":"closed","ping_status":"closed","sticky":false,"template":"","format":"standard","meta":{"sfsi_plus_gutenberg_text_before_share":"","sfsi_plus_gutenberg_show_text_before_share":"","sfsi_plus_gutenberg_icon_type":"","sfsi_plus_gutenberg_icon_alignemt":"","sfsi_plus_gutenburg_max_per_row":"","footnotes":""},"categories":[11],"tags":[],"class_list":["post-132477","post","type-post","status-publish","format-standard","has-post-thumbnail","hentry","category-politica"],"_links":{"self":[{"href":"https:\/\/www.caririemacao.com\/1\/wp-json\/wp\/v2\/posts\/132477","targetHints":{"allow":["GET"]}}],"collection":[{"href":"https:\/\/www.caririemacao.com\/1\/wp-json\/wp\/v2\/posts"}],"about":[{"href":"https:\/\/www.caririemacao.com\/1\/wp-json\/wp\/v2\/types\/post"}],"author":[{"embeddable":true,"href":"https:\/\/www.caririemacao.com\/1\/wp-json\/wp\/v2\/users\/1"}],"replies":[{"embeddable":true,"href":"https:\/\/www.caririemacao.com\/1\/wp-json\/wp\/v2\/comments?post=132477"}],"version-history":[{"count":1,"href":"https:\/\/www.caririemacao.com\/1\/wp-json\/wp\/v2\/posts\/132477\/revisions"}],"predecessor-version":[{"id":132481,"href":"https:\/\/www.caririemacao.com\/1\/wp-json\/wp\/v2\/posts\/132477\/revisions\/132481"}],"wp:featuredmedia":[{"embeddable":true,"href":"https:\/\/www.caririemacao.com\/1\/wp-json\/wp\/v2\/media\/132480"}],"wp:attachment":[{"href":"https:\/\/www.caririemacao.com\/1\/wp-json\/wp\/v2\/media?parent=132477"}],"wp:term":[{"taxonomy":"category","embeddable":true,"href":"https:\/\/www.caririemacao.com\/1\/wp-json\/wp\/v2\/categories?post=132477"},{"taxonomy":"post_tag","embeddable":true,"href":"https:\/\/www.caririemacao.com\/1\/wp-json\/wp\/v2\/tags?post=132477"}],"curies":[{"name":"wp","href":"https:\/\/api.w.org\/{rel}","templated":true}]}}