{"id":132497,"date":"2019-11-04T14:33:47","date_gmt":"2019-11-04T17:33:47","guid":{"rendered":"http:\/\/www.caririemacao.com\/1\/?p=132497"},"modified":"2019-11-04T14:33:47","modified_gmt":"2019-11-04T17:33:47","slug":"pastores-de-amparo-reuniram-se-para-programar-o-dia-do-evangelico-no-municipio","status":"publish","type":"post","link":"https:\/\/www.caririemacao.com\/1\/2019\/11\/04\/pastores-de-amparo-reuniram-se-para-programar-o-dia-do-evangelico-no-municipio\/","title":{"rendered":"Pastores de Amparo reuniram-se para programar o Dia do Evang\u00e9lico no munic\u00edpio"},"content":{"rendered":"\n<p>Os pastores das Igrejas Assembleia de Deus, Batista e Batista Jeov\u00e1 Tsidkenu reuniram-se no fim da tarde deste s\u00e1bado (02) para discutir e definir a programa\u00e7\u00e3o do Dia do Evang\u00e9lico na cidade de Amparo. Quest\u00f5es como dia da celebra\u00e7\u00e3o, atra\u00e7\u00f5es, trajeto, dire\u00e7\u00e3o estiveram na pauta. A lideran\u00e7a eclesi\u00e1stica do munic\u00edpio aproveitou ainda para orarem juntos pela cidade e um pelo outro.<br>&#8220;Foi um momento muito especial e acredito que um marco para Amparo. Uma vez que nunca hav\u00edamos tido um momento t\u00e3o bom de comunh\u00e3o como este&#8221; Afirmou o reverendo Jader Medeiros pastor da Igreja Batista que foi a anfitri\u00e3 da reuni\u00e3o.<br>&#8220;Dentre as propostas que discutimos, chegamos a conclus\u00e3o de que seria melhor alterar a data da lei para um dia antes do anivers\u00e1rio da cidade. Assim poderemos celebrar juntos e ainda diminuir os custos do evento&#8221;. Revelou o pastor Melk da Igreja Batista Jeov\u00e1 Tsidkenu.<br>&#8220;Precisamos fazer algo bem feito e que marque de forma positiva a cidade. Como ser\u00e1 o primeiro, precisamos come\u00e7ar bem para a Gl\u00f3ria de Deus&#8221;. Completou o pastor Jos\u00e9 da Assembleia de Deus.<br>A Lei Municipal que institui o Dia do Evang\u00e9lico \u00e9 de autoria da ent\u00e3o ex-vereadora Magesueide.<\/p>\n","protected":false},"excerpt":{"rendered":"<p>Os pastores das Igrejas Assembleia de Deus, Batista e Batista Jeov\u00e1 Tsidkenu reuniram-se no fim da tarde deste s\u00e1bado (02) para discutir e definir a&hellip; <\/p>\n","protected":false},"author":1,"featured_media":132499,"comment_status":"closed","ping_status":"closed","sticky":false,"template":"","format":"standard","meta":{"sfsi_plus_gutenberg_text_before_share":"","sfsi_plus_gutenberg_show_text_before_share":"","sfsi_plus_gutenberg_icon_type":"","sfsi_plus_gutenberg_icon_alignemt":"","sfsi_plus_gutenburg_max_per_row":"","footnotes":""},"categories":[2],"tags":[],"class_list":["post-132497","post","type-post","status-publish","format-standard","has-post-thumbnail","hentry","category-geral"],"_links":{"self":[{"href":"https:\/\/www.caririemacao.com\/1\/wp-json\/wp\/v2\/posts\/132497","targetHints":{"allow":["GET"]}}],"collection":[{"href":"https:\/\/www.caririemacao.com\/1\/wp-json\/wp\/v2\/posts"}],"about":[{"href":"https:\/\/www.caririemacao.com\/1\/wp-json\/wp\/v2\/types\/post"}],"author":[{"embeddable":true,"href":"https:\/\/www.caririemacao.com\/1\/wp-json\/wp\/v2\/users\/1"}],"replies":[{"embeddable":true,"href":"https:\/\/www.caririemacao.com\/1\/wp-json\/wp\/v2\/comments?post=132497"}],"version-history":[{"count":1,"href":"https:\/\/www.caririemacao.com\/1\/wp-json\/wp\/v2\/posts\/132497\/revisions"}],"predecessor-version":[{"id":132500,"href":"https:\/\/www.caririemacao.com\/1\/wp-json\/wp\/v2\/posts\/132497\/revisions\/132500"}],"wp:featuredmedia":[{"embeddable":true,"href":"https:\/\/www.caririemacao.com\/1\/wp-json\/wp\/v2\/media\/132499"}],"wp:attachment":[{"href":"https:\/\/www.caririemacao.com\/1\/wp-json\/wp\/v2\/media?parent=132497"}],"wp:term":[{"taxonomy":"category","embeddable":true,"href":"https:\/\/www.caririemacao.com\/1\/wp-json\/wp\/v2\/categories?post=132497"},{"taxonomy":"post_tag","embeddable":true,"href":"https:\/\/www.caririemacao.com\/1\/wp-json\/wp\/v2\/tags?post=132497"}],"curies":[{"name":"wp","href":"https:\/\/api.w.org\/{rel}","templated":true}]}}