{"id":132512,"date":"2019-11-04T18:09:03","date_gmt":"2019-11-04T21:09:03","guid":{"rendered":"http:\/\/www.caririemacao.com\/1\/?p=132512"},"modified":"2019-11-04T18:09:03","modified_gmt":"2019-11-04T21:09:03","slug":"serra-branca-ex-candidato-a-prefeito-flavio-torreao-aparece-junto-ao-vice-prefeito-joda-e-seu-grupo-e-demonstram-afinidade-para-eleicoes-2020","status":"publish","type":"post","link":"https:\/\/www.caririemacao.com\/1\/2019\/11\/04\/serra-branca-ex-candidato-a-prefeito-flavio-torreao-aparece-junto-ao-vice-prefeito-joda-e-seu-grupo-e-demonstram-afinidade-para-eleicoes-2020\/","title":{"rendered":"SERRA BRANCA: Ex-candidato a prefeito Fl\u00e1vio Torre\u00e3o aparece junto ao vice-prefeito Joda e seu grupo e demonstram afinidade para Elei\u00e7\u00f5es 2020"},"content":{"rendered":"\n<p>H\u00e1 menos de um ano das elei\u00e7\u00f5es 2020, os grupos pol\u00edticos de Serra Branca come\u00e7am a se formar. Apesar de ningu\u00e9m falar nada oficialmente, n\u00e3o \u00e9 de agora que o grupo liderado pelo vice-prefeito Joda Zuza est\u00e1 distante do atual prefeito Souzinha e cada vez mais pr\u00f3ximo de seus opositores.<\/p>\n\n\n\n<p>Neste final de semana, o que mais se viu nas redes sociais foram fotos dos antigos aliados do prefeito Souzinha com o ex-candidato a prefeito Fl\u00e1vio Torre\u00e3o e seu grupo. Num \u00fanico encontro foi poss\u00edvel ver juntos o ex-vereador Fl\u00e1vio Torre\u00e3o, ladeado do vice-prefeito Joda, dos vereadores Di\u00f3genes Sales, H\u00e9rcules Holanda, Bacica, Valber Pinto e Paulo S\u00e9rgio Ara\u00fajo (presidente), o que em si j\u00e1 forma um grupo forte para a disputa que se avizinha.<\/p>\n\n\n\n<p>Nos bastidores, fala-se que a oposi\u00e7\u00e3o trabalha para sair toda unida contra a pr\u00e9-candidatura a reelei\u00e7\u00e3o do prefeito Souzinha, mas uma fonte revelou \u00e0 reportagem do portal De Olho no Cariri que o PT tamb\u00e9m trabalha com um cen\u00e1rio de tr\u00eas candidaturas e neste caso defende internamente o apoio ao nome do vereador Guilherme Gaud\u00eancio, que \u00e9 do PSB.<\/p>\n\n\n\n<p>Souzinha tem dito que n\u00e3o est\u00e1 preocupado com pol\u00edtica, mas tratou de atrair para si o apoio da ex-prefeita Alda Dias e est\u00e1 colocando o time de secret\u00e1rios na rua, como tamb\u00e9m aumentado o ritmo de a\u00e7\u00f5es de seu governo.<\/p>\n\n\n\n<p>O xadrez pol\u00edtico de Serra Branca est\u00e1 come\u00e7ando a se movimentar e ao que parece seus jogadores est\u00e3o estudando jogadas estrat\u00e9gicas para os pr\u00f3ximos meses.<\/p>\n\n\n\n<p><strong>De Olho no Cariri<\/strong><\/p>\n","protected":false},"excerpt":{"rendered":"<p>H\u00e1 menos de um ano das elei\u00e7\u00f5es 2020, os grupos pol\u00edticos de Serra Branca come\u00e7am a se formar. Apesar de ningu\u00e9m falar nada oficialmente, n\u00e3o&hellip; <\/p>\n","protected":false},"author":1,"featured_media":132514,"comment_status":"closed","ping_status":"closed","sticky":false,"template":"","format":"standard","meta":{"sfsi_plus_gutenberg_text_before_share":"","sfsi_plus_gutenberg_show_text_before_share":"","sfsi_plus_gutenberg_icon_type":"","sfsi_plus_gutenberg_icon_alignemt":"","sfsi_plus_gutenburg_max_per_row":"","footnotes":""},"categories":[50,2],"tags":[],"class_list":["post-132512","post","type-post","status-publish","format-standard","has-post-thumbnail","hentry","category-destaque","category-geral"],"_links":{"self":[{"href":"https:\/\/www.caririemacao.com\/1\/wp-json\/wp\/v2\/posts\/132512","targetHints":{"allow":["GET"]}}],"collection":[{"href":"https:\/\/www.caririemacao.com\/1\/wp-json\/wp\/v2\/posts"}],"about":[{"href":"https:\/\/www.caririemacao.com\/1\/wp-json\/wp\/v2\/types\/post"}],"author":[{"embeddable":true,"href":"https:\/\/www.caririemacao.com\/1\/wp-json\/wp\/v2\/users\/1"}],"replies":[{"embeddable":true,"href":"https:\/\/www.caririemacao.com\/1\/wp-json\/wp\/v2\/comments?post=132512"}],"version-history":[{"count":1,"href":"https:\/\/www.caririemacao.com\/1\/wp-json\/wp\/v2\/posts\/132512\/revisions"}],"predecessor-version":[{"id":132515,"href":"https:\/\/www.caririemacao.com\/1\/wp-json\/wp\/v2\/posts\/132512\/revisions\/132515"}],"wp:featuredmedia":[{"embeddable":true,"href":"https:\/\/www.caririemacao.com\/1\/wp-json\/wp\/v2\/media\/132514"}],"wp:attachment":[{"href":"https:\/\/www.caririemacao.com\/1\/wp-json\/wp\/v2\/media?parent=132512"}],"wp:term":[{"taxonomy":"category","embeddable":true,"href":"https:\/\/www.caririemacao.com\/1\/wp-json\/wp\/v2\/categories?post=132512"},{"taxonomy":"post_tag","embeddable":true,"href":"https:\/\/www.caririemacao.com\/1\/wp-json\/wp\/v2\/tags?post=132512"}],"curies":[{"name":"wp","href":"https:\/\/api.w.org\/{rel}","templated":true}]}}