{"id":132518,"date":"2019-11-05T07:03:44","date_gmt":"2019-11-05T10:03:44","guid":{"rendered":"http:\/\/www.caririemacao.com\/1\/?p=132518"},"modified":"2019-11-05T07:03:44","modified_gmt":"2019-11-05T10:03:44","slug":"dois-homens-morrem-em-acidente-de-moto-entre-santo-andre-e-pariri-na-paraiba","status":"publish","type":"post","link":"https:\/\/www.caririemacao.com\/1\/2019\/11\/05\/dois-homens-morrem-em-acidente-de-moto-entre-santo-andre-e-pariri-na-paraiba\/","title":{"rendered":"Dois homens morrem em acidente de moto entre Santo Andr\u00e9 e Pariri na Para\u00edba"},"content":{"rendered":"\n<p>Um acidente de Motocicleta entre os munic\u00edpios de Pariri e Santo Andr\u00e9 no Cariri da Para\u00edba deixou duas vitimas fatais.&nbsp;Informa\u00e7\u00f5es apontam que o acidente pode ter acontecido no domingo 03, mas os corpos s\u00f3&nbsp;foram encontrados nesta segunda 04.&nbsp;<\/p>\n\n\n\n<p>In\u00e1cio e Genilson ambos de Santo Andr\u00e9 foram a \u00f3bito, eles estavam em uma motocicleta e ainda n\u00e3o sabe-se oque motivou o acidente, os homens sa\u00edram no domingo e acredita-se que a tragedia aconteceu no mesmo dia.&nbsp;<\/p>\n\n\n\n<p>De acordo com informa\u00e7\u00f5es colhidas pelo\u00a0<em>Blog\u00a0<\/em>um dos homens foi arremessado dentro de um a\u00e7ude as margens da PB-200.<\/p>\n\n\n\n<p>Blog Wallony\u00a0<\/p>\n","protected":false},"excerpt":{"rendered":"<p>Um acidente de Motocicleta entre os munic\u00edpios de Pariri e Santo Andr\u00e9 no Cariri da Para\u00edba deixou duas vitimas fatais.&nbsp;Informa\u00e7\u00f5es apontam que o acidente pode&hellip; <\/p>\n","protected":false},"author":1,"featured_media":132519,"comment_status":"closed","ping_status":"closed","sticky":false,"template":"","format":"standard","meta":{"sfsi_plus_gutenberg_text_before_share":"","sfsi_plus_gutenberg_show_text_before_share":"","sfsi_plus_gutenberg_icon_type":"","sfsi_plus_gutenberg_icon_alignemt":"","sfsi_plus_gutenburg_max_per_row":"","footnotes":""},"categories":[12],"tags":[],"class_list":["post-132518","post","type-post","status-publish","format-standard","has-post-thumbnail","hentry","category-policia"],"_links":{"self":[{"href":"https:\/\/www.caririemacao.com\/1\/wp-json\/wp\/v2\/posts\/132518","targetHints":{"allow":["GET"]}}],"collection":[{"href":"https:\/\/www.caririemacao.com\/1\/wp-json\/wp\/v2\/posts"}],"about":[{"href":"https:\/\/www.caririemacao.com\/1\/wp-json\/wp\/v2\/types\/post"}],"author":[{"embeddable":true,"href":"https:\/\/www.caririemacao.com\/1\/wp-json\/wp\/v2\/users\/1"}],"replies":[{"embeddable":true,"href":"https:\/\/www.caririemacao.com\/1\/wp-json\/wp\/v2\/comments?post=132518"}],"version-history":[{"count":1,"href":"https:\/\/www.caririemacao.com\/1\/wp-json\/wp\/v2\/posts\/132518\/revisions"}],"predecessor-version":[{"id":132520,"href":"https:\/\/www.caririemacao.com\/1\/wp-json\/wp\/v2\/posts\/132518\/revisions\/132520"}],"wp:featuredmedia":[{"embeddable":true,"href":"https:\/\/www.caririemacao.com\/1\/wp-json\/wp\/v2\/media\/132519"}],"wp:attachment":[{"href":"https:\/\/www.caririemacao.com\/1\/wp-json\/wp\/v2\/media?parent=132518"}],"wp:term":[{"taxonomy":"category","embeddable":true,"href":"https:\/\/www.caririemacao.com\/1\/wp-json\/wp\/v2\/categories?post=132518"},{"taxonomy":"post_tag","embeddable":true,"href":"https:\/\/www.caririemacao.com\/1\/wp-json\/wp\/v2\/tags?post=132518"}],"curies":[{"name":"wp","href":"https:\/\/api.w.org\/{rel}","templated":true}]}}