{"id":132523,"date":"2019-11-05T07:12:17","date_gmt":"2019-11-05T10:12:17","guid":{"rendered":"http:\/\/www.caririemacao.com\/1\/?p=132523"},"modified":"2019-11-05T07:12:17","modified_gmt":"2019-11-05T10:12:17","slug":"caso-marielle-oposicao-protocola-noticia-crime-contra-jair-bolsonaro-seu-filho-carlos-e-moro","status":"publish","type":"post","link":"https:\/\/www.caririemacao.com\/1\/2019\/11\/05\/caso-marielle-oposicao-protocola-noticia-crime-contra-jair-bolsonaro-seu-filho-carlos-e-moro\/","title":{"rendered":"Caso Marielle: Oposi\u00e7\u00e3o protocola not\u00edcia-crime contra Jair Bolsonaro, seu filho Carlos e Moro"},"content":{"rendered":"\n<p>O Partido dos Trabalhadores, as bancadas do\u00a0PT,\u00a0PDT\u00a0e do\u00a0PSOL\u00a0e a Lideran\u00e7a da Minoria na C\u00e2mara protocolaram hoje (4) no\u00a0Supremo Tribunal Federal\u00a0not\u00edcia-crime contra o presidente\u00a0Jair Bolsonaro, seu filho\u00a0Carlos Bolsonaro\u00a0e o ministro da\u00a0Justi\u00e7a\u00a0S\u00e9rgio Moro.<\/p>\n\n\n\n<p>O motivo \u00e9 a informa\u00e7\u00e3o dada pelo pr\u00f3prio presidente da Rep\u00fablica no fim de semana de que ele e o filho\u00a0Carlos Bolsonaro\u00a0(o Carluxo, vereador no\u00a0Rio de Janeiro\u00a0pelo\u00a0PSL) se apropriaram de toda a mem\u00f3ria dos \u00faltimos dez anos da secret\u00e1ria eletr\u00f4nica da portaria do condom\u00ednio Vivendas da Barra, no Rio de Janeiro, onde ambos t\u00eam resid\u00eancia.<\/p>\n\n\n\n<p>A not\u00edcia-crime \u00e9 um instrumento jur\u00eddico para informar uma autoridade, no caso o\u00a0STF, de que um crime ocorreu e deve ser investigado e julgado.<\/p>\n\n\n\n<h4 class=\"wp-block-heading\"><strong>Criminosos<\/strong><\/h4>\n\n\n\n<p>Na peti\u00e7\u00e3o encaminhada ao presidente do STF, ministro\u00a0Dias Toffoli, os parlamentares\u00a0 da Oposi\u00e7\u00e3o denunciam que se trata de crime de responsabilidade no caso do presidente da Rep\u00fablica e do ministro da Justi\u00e7a, al\u00e9m de improbidade administrativa tanto para Moro como para Carlos Bolsonaro.<\/p>\n\n\n\n<p>Os oposicionistas cobram de Toffoli que sejam determinadas busca e apreens\u00e3o de todo o material apropriado de forma ilegal por Bolsonaro e seu filho, com a realiza\u00e7\u00e3o de per\u00edcia para que sejam verificadas eventuais altera\u00e7\u00f5es nas provas.<\/p>\n\n\n\n<p>As grava\u00e7\u00f5es tratam da visita de \u00c9lcio de\u00a0Queiroz\u00a0\u2013 um dos acusados de matar a vereadora\u00a0Marielle Franco\u00a0\u2013 ao condom\u00ednio no dia do crime, em mar\u00e7o de 2018. \u00c9lcio visitou o ex-policial Ronnie Lessa, acusado de ter sido o autor dos disparos que mataram Marielle e o motorista Anderson Gomes.<\/p>\n\n\n\n<h4 class=\"wp-block-heading\"><strong>Disparos<\/strong><\/h4>\n\n\n\n<p>Segundo depoimento do porteiro do condom\u00ednio, \u00c9lcio informou que ia \u00e0 casa 58, de\u00a0Jair Bolsonaro, e este, por telefone, autorizou sua entrada, embora o visitante tenha ido \u00e0 casa de Ronnie Lessa, o qual, segundo as investiga\u00e7\u00f5es da Pol\u00edcia Civil do Rio e do\u00a0Minist\u00e9rio P\u00fablico\u00a0Estadual, teria sido o autor dos disparos que mataram Marielle e seu motorista Anderson Gomes.<\/p>\n\n\n\n<p>Bolsonaro afirmou que \u201cacionou\u201d o ministro da Justi\u00e7a e\u00a0Seguran\u00e7a P\u00fablica,\u00a0S\u00e9rgio Moro, para \u201ctratar\u201d do caso junto ao procurador-geral da Rep\u00fablica, Augusto Aras. \u00a0Na not\u00edcia-crime encaminha ao STF, a Oposi\u00e7\u00e3o argumenta que tudo indica que os detalhes finais do crime foram discutidos e engendrados no Condom\u00ednio onde Bolsonaro e seu filho Carlos t\u00eam resid\u00eancia.<\/p>\n\n\n\n<p>\u201cAs grava\u00e7\u00f5es poderiam indicar novos caminhos na descoberta dos verdadeiros mandantes desse hediondo crime, inclusive com o envolvimento, em tese\u201d, do presidente e de seu filho, apontam os oposicionistas.<\/p>\n\n\n\n<h4 class=\"wp-block-heading\"><strong>Manipula\u00e7\u00e3o de provas<\/strong><\/h4>\n\n\n\n<p>Na peti\u00e7\u00e3o, eles alertam que os poss\u00edveis investigados por participa\u00e7\u00e3o ou colabora\u00e7\u00e3o no crime se apropriam das provas que podem incrimin\u00e1-los. \u201cTrata-se de uma clara tentativa de destrui\u00e7\u00e3o e ou manipula\u00e7\u00e3o de provas\u201d.<\/p>\n\n\n\n<h4 class=\"wp-block-heading\"><strong>Aberra\u00e7\u00e3o jur\u00eddica<\/strong><\/h4>\n\n\n\n<p>A omiss\u00e3o de S\u00e9rgio Moro diante da \u201caberra\u00e7\u00e3o jur\u00eddica\u201d confessada por Bolsonaro \u00e9 tamb\u00e9m criticada na not\u00edcia-crime, pois entende-se que o atual ministro da Justi\u00e7a age \u201ccomo um verdadeiro l\u00e1cio, sabujo, assecla do presidente da Rep\u00fablica, esquecendo-se das altas responsabilidades do seu cargo\u201d.<\/p>\n\n\n\n<p>Assinam a not\u00edcia-crime a presidenta nacional do PT, deputada federal\u00a0<strong>Gleisi Hoffmann (PR)<\/strong>, os l\u00edderes na C\u00e2mara do PT,\u00a0<strong>Paulo Pimenta (RS),\u00a0<\/strong>do PDT, Andr\u00e9 Figueiredo (CE), do PSOL, Ivan Valente (SP) e a l\u00edder da Minoria,\u00a0Jandira Feghali\u00a0(PCdoB-RJ), o l\u00edder do\u00a0PT no Senado,\u00a0Humberto Costa\u00a0(PE), as deputadas\u00a0<strong>Margarida Salom\u00e3o (PT-MG)\u00a0<\/strong>e\u00a0<strong>Professora Rosa Neide (PT-MT)<\/strong>\u00a0e os deputados\u00a0<strong>Alencar Santana (PT-SP),\u00a0Arlindo Chinaglia (PT-SP),\u00a0Bohn Gass (PT-RS),\u00a0Henrique Fontana (PT-RS),\u00a0Jo\u00e3o Daniel (PT-SE),\u00a0Nilto Tatto (PT-SP),\u00a0\u00a0Padre Jo\u00e3o (PT-MG),\u00a0Paulo Teixeira (PT-SP),\u00a0Reginaldo Lopes (PT-MG),\u00a0Rui Falc\u00e3o (PT-SP)\u00a0<\/strong>e\u00a0<strong>Zeca Dirceu (PT-PR).<\/strong><\/p>\n","protected":false},"excerpt":{"rendered":"<p>O Partido dos Trabalhadores, as bancadas do\u00a0PT,\u00a0PDT\u00a0e do\u00a0PSOL\u00a0e a Lideran\u00e7a da Minoria na C\u00e2mara protocolaram hoje (4) no\u00a0Supremo Tribunal Federal\u00a0not\u00edcia-crime contra o presidente\u00a0Jair Bolsonaro, seu&hellip; <\/p>\n","protected":false},"author":1,"featured_media":99321,"comment_status":"closed","ping_status":"closed","sticky":false,"template":"","format":"standard","meta":{"sfsi_plus_gutenberg_text_before_share":"","sfsi_plus_gutenberg_show_text_before_share":"","sfsi_plus_gutenberg_icon_type":"","sfsi_plus_gutenberg_icon_alignemt":"","sfsi_plus_gutenburg_max_per_row":"","footnotes":""},"categories":[50,11],"tags":[],"class_list":["post-132523","post","type-post","status-publish","format-standard","has-post-thumbnail","hentry","category-destaque","category-politica"],"_links":{"self":[{"href":"https:\/\/www.caririemacao.com\/1\/wp-json\/wp\/v2\/posts\/132523","targetHints":{"allow":["GET"]}}],"collection":[{"href":"https:\/\/www.caririemacao.com\/1\/wp-json\/wp\/v2\/posts"}],"about":[{"href":"https:\/\/www.caririemacao.com\/1\/wp-json\/wp\/v2\/types\/post"}],"author":[{"embeddable":true,"href":"https:\/\/www.caririemacao.com\/1\/wp-json\/wp\/v2\/users\/1"}],"replies":[{"embeddable":true,"href":"https:\/\/www.caririemacao.com\/1\/wp-json\/wp\/v2\/comments?post=132523"}],"version-history":[{"count":1,"href":"https:\/\/www.caririemacao.com\/1\/wp-json\/wp\/v2\/posts\/132523\/revisions"}],"predecessor-version":[{"id":132524,"href":"https:\/\/www.caririemacao.com\/1\/wp-json\/wp\/v2\/posts\/132523\/revisions\/132524"}],"wp:featuredmedia":[{"embeddable":true,"href":"https:\/\/www.caririemacao.com\/1\/wp-json\/wp\/v2\/media\/99321"}],"wp:attachment":[{"href":"https:\/\/www.caririemacao.com\/1\/wp-json\/wp\/v2\/media?parent=132523"}],"wp:term":[{"taxonomy":"category","embeddable":true,"href":"https:\/\/www.caririemacao.com\/1\/wp-json\/wp\/v2\/categories?post=132523"},{"taxonomy":"post_tag","embeddable":true,"href":"https:\/\/www.caririemacao.com\/1\/wp-json\/wp\/v2\/tags?post=132523"}],"curies":[{"name":"wp","href":"https:\/\/api.w.org\/{rel}","templated":true}]}}