{"id":132533,"date":"2019-11-05T07:20:57","date_gmt":"2019-11-05T10:20:57","guid":{"rendered":"http:\/\/www.caririemacao.com\/1\/?p=132533"},"modified":"2019-11-05T07:20:57","modified_gmt":"2019-11-05T10:20:57","slug":"black-friday-2019-brasileiros-ja-estao-pesquisando-precos-para-o-evento","status":"publish","type":"post","link":"https:\/\/www.caririemacao.com\/1\/2019\/11\/05\/black-friday-2019-brasileiros-ja-estao-pesquisando-precos-para-o-evento\/","title":{"rendered":"Black Friday 2019: brasileiros j\u00e1 est\u00e3o pesquisando pre\u00e7os para o evento"},"content":{"rendered":"\n<p>Mais da metade dos brasileiros j\u00e1 est\u00e1 se preparando para a Black Friday 2019 e come\u00e7ou a fazer pesquisas pr\u00e9vias de pre\u00e7os. \u00c9 o que revelam dados do site Reclame Aqui divulgados com exclusividade para o TechTudo. Segundo a pesquisa, 64,6% dos consumidores est\u00e3o apurando os valores cobrados atualmente nas lojas para comparar ofertas e comprar depois. Os n\u00fameros tamb\u00e9m mostram que o evento j\u00e1 virou tradi\u00e7\u00e3o no Brasil: 83,7% da popula\u00e7\u00e3o j\u00e1 participou de edi\u00e7\u00f5es anteriores da Black Friday, que neste ano ocorre em 29 de novembro.<\/p>\n\n\n\n<p>A expectativa \u00e9 que os brasileiros adiram em massa \u00e0 sexta-feira de promo\u00e7\u00f5es. De acordo com o levantamento do Reclame Aqui, que ouviu 3.519 pessoas de 16 a 30 de outubro, 70,7% dos entrevistados pretende comprar na Black Friday 2019. A inten\u00e7\u00e3o de compra se manteve igualmente expressiva em rela\u00e7\u00e3o a 2018, quando 72,4% das pessoas disseram ter interesse em participar do evento.<\/p>\n\n\n\n<p>Ainda segundo a pesquisa, 22,2% dos consumidores pretendem gastar de R$ 1 mil a R$ 2 mil na Black Friday. Em seguida, v\u00eam os que planejam fazer compras mais modestas (15,3%), de R$ 400 a R$ 600. Aqueles que pretendem desembolsar mais de R$ 3 mil em produtos correspondem a 10,6% da popula\u00e7\u00e3o.<\/p>\n\n\n\n<p>Roupas, cal\u00e7ados (exceto t\u00eanis) e acess\u00f3rios lideram o ranking de inten\u00e7\u00f5es de compra e s\u00e3o o alvo de 12,75% dos compradores na Black Friday. Em segundo e terceiro lugar, v\u00eam os smartphones (9,7%) e eletrodom\u00e9sticos (9,1%). A lista \u00e9 seguida por televisores (7,9%) e eletr\u00f4nicos como caixas de som, fones de ouvido e c\u00e2meras fotogr\u00e1ficas (6,8%), n\u00fameros que demonstram a prefer\u00eancia dos brasileiros por produtos eletroeletr\u00f4nicos.<\/p>\n\n\n\n<p>Criada pelo com\u00e9rcio dos Estados Unidos, a Black Friday acontece sempre ap\u00f3s o feriado norte-americano de A\u00e7\u00e3o de Gra\u00e7as. O tradicional dia de ofertas foi importado pelo Brasil em 2011 e, desde ent\u00e3o, ocorre anualmente com relativa regularidade.<\/p>\n","protected":false},"excerpt":{"rendered":"<p>Mais da metade dos brasileiros j\u00e1 est\u00e1 se preparando para a Black Friday 2019 e come\u00e7ou a fazer pesquisas pr\u00e9vias de pre\u00e7os. \u00c9 o que&hellip; <\/p>\n","protected":false},"author":1,"featured_media":132534,"comment_status":"closed","ping_status":"closed","sticky":false,"template":"","format":"standard","meta":{"sfsi_plus_gutenberg_text_before_share":"","sfsi_plus_gutenberg_show_text_before_share":"","sfsi_plus_gutenberg_icon_type":"","sfsi_plus_gutenberg_icon_alignemt":"","sfsi_plus_gutenburg_max_per_row":"","footnotes":""},"categories":[2],"tags":[],"class_list":["post-132533","post","type-post","status-publish","format-standard","has-post-thumbnail","hentry","category-geral"],"_links":{"self":[{"href":"https:\/\/www.caririemacao.com\/1\/wp-json\/wp\/v2\/posts\/132533","targetHints":{"allow":["GET"]}}],"collection":[{"href":"https:\/\/www.caririemacao.com\/1\/wp-json\/wp\/v2\/posts"}],"about":[{"href":"https:\/\/www.caririemacao.com\/1\/wp-json\/wp\/v2\/types\/post"}],"author":[{"embeddable":true,"href":"https:\/\/www.caririemacao.com\/1\/wp-json\/wp\/v2\/users\/1"}],"replies":[{"embeddable":true,"href":"https:\/\/www.caririemacao.com\/1\/wp-json\/wp\/v2\/comments?post=132533"}],"version-history":[{"count":1,"href":"https:\/\/www.caririemacao.com\/1\/wp-json\/wp\/v2\/posts\/132533\/revisions"}],"predecessor-version":[{"id":132535,"href":"https:\/\/www.caririemacao.com\/1\/wp-json\/wp\/v2\/posts\/132533\/revisions\/132535"}],"wp:featuredmedia":[{"embeddable":true,"href":"https:\/\/www.caririemacao.com\/1\/wp-json\/wp\/v2\/media\/132534"}],"wp:attachment":[{"href":"https:\/\/www.caririemacao.com\/1\/wp-json\/wp\/v2\/media?parent=132533"}],"wp:term":[{"taxonomy":"category","embeddable":true,"href":"https:\/\/www.caririemacao.com\/1\/wp-json\/wp\/v2\/categories?post=132533"},{"taxonomy":"post_tag","embeddable":true,"href":"https:\/\/www.caririemacao.com\/1\/wp-json\/wp\/v2\/tags?post=132533"}],"curies":[{"name":"wp","href":"https:\/\/api.w.org\/{rel}","templated":true}]}}