{"id":132539,"date":"2019-11-05T08:05:07","date_gmt":"2019-11-05T11:05:07","guid":{"rendered":"http:\/\/www.caririemacao.com\/1\/?p=132539"},"modified":"2019-11-05T08:05:07","modified_gmt":"2019-11-05T11:05:07","slug":"correios-lancam-campanha-para-adocao-de-cartas-do-papai-noel","status":"publish","type":"post","link":"https:\/\/www.caririemacao.com\/1\/2019\/11\/05\/correios-lancam-campanha-para-adocao-de-cartas-do-papai-noel\/","title":{"rendered":"Correios lan\u00e7am campanha para &#8216;ado\u00e7\u00e3o&#8217; de cartas do Papai Noel"},"content":{"rendered":"\n<p>A campanha Papai Noel dos Correios foi lan\u00e7ada oficialmente nesta segunda-feira (4), na brinquedoteca do Hospital do GRAACC (Grupo de Apoio ao Adolescente e Crian\u00e7a com C\u00e2ncer), refer\u00eancia no tratamento oncol\u00f3gico pedi\u00e1trico, em S\u00e3o Paulo.&nbsp;<\/p>\n\n\n\n<p>As crian\u00e7as que est\u00e3o em tratamento no hospital viram a chegada do Papai Noel e entregaram as suas cartinhas em m\u00e3os ao Bom Velhinho.<\/p>\n\n\n\n<p>A partir do dia 7, os Correios receber\u00e3o as cartas enviadas ao Papai Noel de estudantes das escolas da rede p\u00fablica (at\u00e9 o 5\u00ba ano do ensino fundamental) e de institui\u00e7\u00f5es parceiras, como creches, abrigos, orfanatos e n\u00facleos socioeducativos.<br>\u201cNo GRAACC, al\u00e9m de termos uma infraestrutura completa para o melhor tratamento do c\u00e2ncer infantojuvenil, nos preocupamos em oferecer um espa\u00e7o l\u00fadico para que as crian\u00e7as e adolescentes nunca deixem de sonhar, independentemente da condi\u00e7\u00e3o de sa\u00fade. Vemos que esse tamb\u00e9m \u00e9 o objetivo da campanha Papai Noel dos Correios, ao realizar o sonho de crian\u00e7as por todo o Brasil por meio da entrega de presentes. Por isso, estamos juntos nessa iniciativa\u201d, disse a superintendente de Desenvolvimento Institucional do GRAACC, Tammy Allersdorfer.<\/p>\n\n\n\n<p>Durante a campanha, os Correios receber\u00e3o as cartinhas de crian\u00e7as que enviaram seus pedidos diretamente ao Papai Noel e, tamb\u00e9m, de estudantes das escolas da rede p\u00fablica (at\u00e9 o 5\u00ba ano do ensino fundamental) e de institui\u00e7\u00f5es parceiras, tais como creches, abrigos, orfanatos e n\u00facleos socioeducativos. Desde 2010, os Correios estabeleceram essas parcerias com as secretarias de Educa\u00e7\u00e3o, a fim de trabalhar a\u00e7\u00f5es como o desenvolvimento da habilidade da reda\u00e7\u00e3o de carta, o endere\u00e7amento correto e o uso do CEP.<\/p>\n\n\n\n<p><strong>Campanha<\/strong><\/p>\n\n\n\n<p>A ado\u00e7\u00e3o pelos padrinhos \u00e9 feita da mesma maneira em todo o Brasil. As cartinhas enviadas pelas crian\u00e7as s\u00e3o lidas e selecionadas. Em seguida, s\u00e3o disponibilizadas nas unidades da empresa. No entanto, os Correios n\u00e3o distribuem cartas para ado\u00e7\u00e3o diretamente \u00e0 popula\u00e7\u00e3o, em suas resid\u00eancias. As cartinhas do Papai Noel dos Correios ficam dispon\u00edveis apenas nos locais indicados no blog da campanha. E para que a empresa possa acompanhar as ado\u00e7\u00f5es e as entregas dos presentes, os padrinhos devem cadastrar o CPF ou CNPJ.<\/p>\n\n\n\n<p>Os presentes s\u00e3o recebidos nos pontos de entrega divulgados pelos Correios que, posteriormente, realizam a distribui\u00e7\u00e3o. N\u00e3o \u00e9 permitida a entrega direta do presente e, para assegurar a observ\u00e2ncia desse crit\u00e9rio, o endere\u00e7o da crian\u00e7a nunca \u00e9 divulgado ou informado ao padrinho.<\/p>\n\n\n\n<p>As datas, locais e hor\u00e1rios da campanha Papai Noel dos Correios 2019 podem variar em cada estado. Todas as informa\u00e7\u00f5es sobre esta corrente de solidariedade poder\u00e3o ser obtidas no blog, no endere\u00e7o http:\/\/blog.correios.com.br\/papainoeldoscorreios, que estar\u00e1 dispon\u00edvel a partir de hoje.<\/p>\n\n\n\n<p>Quem preferir ainda pode adotar cartinhas pela internet em 11 capitais: Bel\u00e9m, Belo Horizonte, Bras\u00edlia, Cuiab\u00e1, Curitiba Goi\u00e2nia, Porto Alegre, Recife, Rio de Janeiro, Salvador e regi\u00e3o metropolitana de S\u00e3o Paulo. Para fazer a ado\u00e7\u00e3o online, basta acessar o blog da campanha e apadrinhar o pedido de uma crian\u00e7a. A entrega do presente deve ser feita pelo padrinho no ponto indicado pelos Correios, que levar\u00e3o o presente at\u00e9 a crian\u00e7a. O per\u00edodo da ado\u00e7\u00e3o online ser\u00e1 de 11 a 29 de novembro de 2019.<\/p>\n\n\n\n<p>Em 2019, a maior a\u00e7\u00e3o de responsabilidade social dos Correios completa 30 anos de exist\u00eancia. Ao longo dessas tr\u00eas d\u00e9cadas, a campanha conseguiu atender ao pedido de mais de 6 milh\u00f5es de cartinhas \u2013 muitas delas com hist\u00f3rias emocionantes de solidariedade.<\/p>\n\n\n\n<p>A campanha Papai Noel dos Correios nasceu pela iniciativa de alguns empregados que, durante a rotina de trabalho, recebiam cartinhas escritas por crian\u00e7as destinadas ao Papai Noel, mas sem endere\u00e7o. Sensibilizados, alguns deles resolveram adotar as cartinhas e enviar os primeiros presentes. Com o passar do tempo, a a\u00e7\u00e3o foi ganhando propor\u00e7\u00e3o na empresa e acabou se transformando em um projeto corporativo dos Correios.<\/p>\n","protected":false},"excerpt":{"rendered":"<p>A campanha Papai Noel dos Correios foi lan\u00e7ada oficialmente nesta segunda-feira (4), na brinquedoteca do Hospital do GRAACC (Grupo de Apoio ao Adolescente e Crian\u00e7a&hellip; <\/p>\n","protected":false},"author":1,"featured_media":132540,"comment_status":"closed","ping_status":"closed","sticky":false,"template":"","format":"standard","meta":{"sfsi_plus_gutenberg_text_before_share":"","sfsi_plus_gutenberg_show_text_before_share":"","sfsi_plus_gutenberg_icon_type":"","sfsi_plus_gutenberg_icon_alignemt":"","sfsi_plus_gutenburg_max_per_row":"","footnotes":""},"categories":[2],"tags":[],"class_list":["post-132539","post","type-post","status-publish","format-standard","has-post-thumbnail","hentry","category-geral"],"_links":{"self":[{"href":"https:\/\/www.caririemacao.com\/1\/wp-json\/wp\/v2\/posts\/132539","targetHints":{"allow":["GET"]}}],"collection":[{"href":"https:\/\/www.caririemacao.com\/1\/wp-json\/wp\/v2\/posts"}],"about":[{"href":"https:\/\/www.caririemacao.com\/1\/wp-json\/wp\/v2\/types\/post"}],"author":[{"embeddable":true,"href":"https:\/\/www.caririemacao.com\/1\/wp-json\/wp\/v2\/users\/1"}],"replies":[{"embeddable":true,"href":"https:\/\/www.caririemacao.com\/1\/wp-json\/wp\/v2\/comments?post=132539"}],"version-history":[{"count":1,"href":"https:\/\/www.caririemacao.com\/1\/wp-json\/wp\/v2\/posts\/132539\/revisions"}],"predecessor-version":[{"id":132541,"href":"https:\/\/www.caririemacao.com\/1\/wp-json\/wp\/v2\/posts\/132539\/revisions\/132541"}],"wp:featuredmedia":[{"embeddable":true,"href":"https:\/\/www.caririemacao.com\/1\/wp-json\/wp\/v2\/media\/132540"}],"wp:attachment":[{"href":"https:\/\/www.caririemacao.com\/1\/wp-json\/wp\/v2\/media?parent=132539"}],"wp:term":[{"taxonomy":"category","embeddable":true,"href":"https:\/\/www.caririemacao.com\/1\/wp-json\/wp\/v2\/categories?post=132539"},{"taxonomy":"post_tag","embeddable":true,"href":"https:\/\/www.caririemacao.com\/1\/wp-json\/wp\/v2\/tags?post=132539"}],"curies":[{"name":"wp","href":"https:\/\/api.w.org\/{rel}","templated":true}]}}