{"id":132547,"date":"2019-11-05T08:08:57","date_gmt":"2019-11-05T11:08:57","guid":{"rendered":"http:\/\/www.caririemacao.com\/1\/?p=132547"},"modified":"2019-11-05T08:08:57","modified_gmt":"2019-11-05T11:08:57","slug":"homem-esfaqueia-namorada-e-sogra-em-santa-rita","status":"publish","type":"post","link":"https:\/\/www.caririemacao.com\/1\/2019\/11\/05\/homem-esfaqueia-namorada-e-sogra-em-santa-rita\/","title":{"rendered":"Homem esfaqueia namorada e sogra em Santa Rita"},"content":{"rendered":"\n<p>Um homem foi preso na noite desta segunda-feira (4), ap\u00f3s esfaquear a mulher e a sogra, em Santa Rita, regi\u00e3o metropolitana de Jo\u00e3o Pessoa.<\/p>\n\n\n\n<p>De acordo com a Pol\u00edcia Militar, o suspeito sofre de transtornos mentais e cometeu o crime ap\u00f3s um &#8220;surto&#8221;.&nbsp;<\/p>\n\n\n\n<p>Ele foi preso e est\u00e1 detido na Central de Flagrantes da Delegacia da Mulher, em Jo\u00e3o Pessoa.<\/p>\n\n\n\n<p>As v\u00edtimas foram socorridas para a Unidade de Pronto Atendimento (UPA) de Tibiri II, em Santa Rita.<\/p>\n","protected":false},"excerpt":{"rendered":"<p>Um homem foi preso na noite desta segunda-feira (4), ap\u00f3s esfaquear a mulher e a sogra, em Santa Rita, regi\u00e3o metropolitana de Jo\u00e3o Pessoa. De&hellip; <\/p>\n","protected":false},"author":1,"featured_media":104562,"comment_status":"closed","ping_status":"closed","sticky":false,"template":"","format":"standard","meta":{"sfsi_plus_gutenberg_text_before_share":"","sfsi_plus_gutenberg_show_text_before_share":"","sfsi_plus_gutenberg_icon_type":"","sfsi_plus_gutenberg_icon_alignemt":"","sfsi_plus_gutenburg_max_per_row":"","footnotes":""},"categories":[12],"tags":[],"class_list":["post-132547","post","type-post","status-publish","format-standard","has-post-thumbnail","hentry","category-policia"],"_links":{"self":[{"href":"https:\/\/www.caririemacao.com\/1\/wp-json\/wp\/v2\/posts\/132547","targetHints":{"allow":["GET"]}}],"collection":[{"href":"https:\/\/www.caririemacao.com\/1\/wp-json\/wp\/v2\/posts"}],"about":[{"href":"https:\/\/www.caririemacao.com\/1\/wp-json\/wp\/v2\/types\/post"}],"author":[{"embeddable":true,"href":"https:\/\/www.caririemacao.com\/1\/wp-json\/wp\/v2\/users\/1"}],"replies":[{"embeddable":true,"href":"https:\/\/www.caririemacao.com\/1\/wp-json\/wp\/v2\/comments?post=132547"}],"version-history":[{"count":1,"href":"https:\/\/www.caririemacao.com\/1\/wp-json\/wp\/v2\/posts\/132547\/revisions"}],"predecessor-version":[{"id":132548,"href":"https:\/\/www.caririemacao.com\/1\/wp-json\/wp\/v2\/posts\/132547\/revisions\/132548"}],"wp:featuredmedia":[{"embeddable":true,"href":"https:\/\/www.caririemacao.com\/1\/wp-json\/wp\/v2\/media\/104562"}],"wp:attachment":[{"href":"https:\/\/www.caririemacao.com\/1\/wp-json\/wp\/v2\/media?parent=132547"}],"wp:term":[{"taxonomy":"category","embeddable":true,"href":"https:\/\/www.caririemacao.com\/1\/wp-json\/wp\/v2\/categories?post=132547"},{"taxonomy":"post_tag","embeddable":true,"href":"https:\/\/www.caririemacao.com\/1\/wp-json\/wp\/v2\/tags?post=132547"}],"curies":[{"name":"wp","href":"https:\/\/api.w.org\/{rel}","templated":true}]}}