{"id":132553,"date":"2019-11-05T08:13:11","date_gmt":"2019-11-05T11:13:11","guid":{"rendered":"http:\/\/www.caririemacao.com\/1\/?p=132553"},"modified":"2019-11-05T08:13:11","modified_gmt":"2019-11-05T11:13:11","slug":"texto-de-professora-da-ufpb-cai-em-prova-do-enem","status":"publish","type":"post","link":"https:\/\/www.caririemacao.com\/1\/2019\/11\/05\/texto-de-professora-da-ufpb-cai-em-prova-do-enem\/","title":{"rendered":"Texto de professora da UFPB cai em prova do Enem"},"content":{"rendered":"\n<p>Um texto da professora Associada do Departamento de Ci\u00eancias Sociais da Universidade Federal da Para\u00edba (UFPB), Luciana Chianca caiu em uma quest\u00e3o da prova do Enem que foi aplicada neste domingo (3). A equipe de reportagem do&nbsp;ClickPB teve acesso \u00e0 quest\u00e3o, que&nbsp;explora o cen\u00e1rio religioso da idade m\u00e9dia. Na quest\u00e3o, a banca organizadora do Enem extraiu um trecho de um livro da pesquisadora intitulado &#8216;Devo\u00e7\u00e3o e divers\u00e3o: express\u00f5es contempor\u00e2neas de festas e santos cat\u00f3licos, que foi publicado em 2007, na Revista Anthropol\u00f3gicas.&nbsp;<\/p>\n\n\n\n<p>Os candidatos tiveram que avaliar as ado\u00e7\u00f5es culturais que a Igreja Cat\u00f3lica obteve ao logo dos s\u00e9culos.&nbsp;<\/p>\n\n\n\n<p>A pesquisadora atua no programa de p\u00f3s-gradua\u00e7\u00e3o em Antropologia da UFPB e coordena pesquisas&nbsp;na cultura popular e o patrim\u00f4nio cultural com \u00eanfase nas din\u00e2micas urbanas da sociedade brasileira contempor\u00e2nea, buscando suas articula\u00e7\u00f5es com os territ\u00f3rios rurais e com a cultura globalizada.&nbsp;<br><\/p>\n\n\n\n<p>Confira a quest\u00e3o e resolu\u00e7\u00e3o na imagem registrada a seguir:<\/p>\n\n\n\n<figure class=\"wp-block-image\"><img decoding=\"async\" data-src=\"https:\/\/www.clickpb.com.br\/media\/filer_public\/5d\/ef\/5defb28b-a3a9-40d7-9c1c-1640d0d7b254\/83-c.jpg\" alt=\"\" src=\"data:image\/svg+xml;base64,PHN2ZyB3aWR0aD0iMSIgaGVpZ2h0PSIxIiB4bWxucz0iaHR0cDovL3d3dy53My5vcmcvMjAwMC9zdmciPjwvc3ZnPg==\" class=\"lazyload\" \/><\/figure>\n","protected":false},"excerpt":{"rendered":"<p>Um texto da professora Associada do Departamento de Ci\u00eancias Sociais da Universidade Federal da Para\u00edba (UFPB), Luciana Chianca caiu em uma quest\u00e3o da prova do&hellip; <\/p>\n","protected":false},"author":1,"featured_media":132554,"comment_status":"closed","ping_status":"closed","sticky":false,"template":"","format":"standard","meta":{"sfsi_plus_gutenberg_text_before_share":"","sfsi_plus_gutenberg_show_text_before_share":"","sfsi_plus_gutenberg_icon_type":"","sfsi_plus_gutenberg_icon_alignemt":"","sfsi_plus_gutenburg_max_per_row":"","footnotes":""},"categories":[2],"tags":[],"class_list":["post-132553","post","type-post","status-publish","format-standard","has-post-thumbnail","hentry","category-geral"],"_links":{"self":[{"href":"https:\/\/www.caririemacao.com\/1\/wp-json\/wp\/v2\/posts\/132553","targetHints":{"allow":["GET"]}}],"collection":[{"href":"https:\/\/www.caririemacao.com\/1\/wp-json\/wp\/v2\/posts"}],"about":[{"href":"https:\/\/www.caririemacao.com\/1\/wp-json\/wp\/v2\/types\/post"}],"author":[{"embeddable":true,"href":"https:\/\/www.caririemacao.com\/1\/wp-json\/wp\/v2\/users\/1"}],"replies":[{"embeddable":true,"href":"https:\/\/www.caririemacao.com\/1\/wp-json\/wp\/v2\/comments?post=132553"}],"version-history":[{"count":1,"href":"https:\/\/www.caririemacao.com\/1\/wp-json\/wp\/v2\/posts\/132553\/revisions"}],"predecessor-version":[{"id":132555,"href":"https:\/\/www.caririemacao.com\/1\/wp-json\/wp\/v2\/posts\/132553\/revisions\/132555"}],"wp:featuredmedia":[{"embeddable":true,"href":"https:\/\/www.caririemacao.com\/1\/wp-json\/wp\/v2\/media\/132554"}],"wp:attachment":[{"href":"https:\/\/www.caririemacao.com\/1\/wp-json\/wp\/v2\/media?parent=132553"}],"wp:term":[{"taxonomy":"category","embeddable":true,"href":"https:\/\/www.caririemacao.com\/1\/wp-json\/wp\/v2\/categories?post=132553"},{"taxonomy":"post_tag","embeddable":true,"href":"https:\/\/www.caririemacao.com\/1\/wp-json\/wp\/v2\/tags?post=132553"}],"curies":[{"name":"wp","href":"https:\/\/api.w.org\/{rel}","templated":true}]}}