{"id":132556,"date":"2019-11-05T08:21:24","date_gmt":"2019-11-05T11:21:24","guid":{"rendered":"http:\/\/www.caririemacao.com\/1\/?p=132556"},"modified":"2019-11-05T08:21:24","modified_gmt":"2019-11-05T11:21:24","slug":"criancas-recebem-vacina-pentavalente-a-partir-desta-quarta-feira","status":"publish","type":"post","link":"https:\/\/www.caririemacao.com\/1\/2019\/11\/05\/criancas-recebem-vacina-pentavalente-a-partir-desta-quarta-feira\/","title":{"rendered":"Crian\u00e7as recebem vacina pentavalente a partir desta quarta-feira"},"content":{"rendered":"\n<p>A vacina pentavalente voltar\u00e1 a ser ofertada em todas as unidades de sa\u00fade da fam\u00edlia (USF) de Jo\u00e3o Pessoa que possuem sala de imuniza\u00e7\u00e3o. A partir desta quarta-feira (6), os pais e respons\u00e1veis poder\u00e3o levar as crian\u00e7as que est\u00e3o com a dose atrasada da vacina para serem imunizadas nos postos de vacina\u00e7\u00e3o da Capital.<\/p>\n\n\n\n<p>A vacina pentavalente imuniza contra difteria, t\u00e9tano, coqueluche, hepatite B e infec\u00e7\u00f5es causadas por haemophilus influenzae tipo B. Ela deve ser aplicada em tr\u00eas doses, com intervalo de 60 dias, em crian\u00e7as a partir de dois meses de idade. As crian\u00e7as que n\u00e3o se vacinaram nessa faixa et\u00e1ria podem se vacinar at\u00e9 os 4 anos e 11 meses.<br><\/p>\n\n\n\n<p>Nos \u00faltimos meses, houve um per\u00edodo de desabastecimento nacional da vacina pentavalente. Mas na \u00faltima semana, o Minist\u00e9rio da Sa\u00fade, respons\u00e1vel pela distribui\u00e7\u00e3o na rede p\u00fablica de todo o pa\u00eds, entregou as doses \u00e0s secretarias estaduais de sa\u00fade, que por sua vez, repassaram aos munic\u00edpios.<\/p>\n\n\n\n<p>De acordo com Fernando Virgolino, chefe de Imuniza\u00e7\u00e3o da Secretaria Municipal de Sa\u00fade (SMS), o munic\u00edpio de Jo\u00e3o Pessoa recebeu tr\u00eas mil doses da pentavalente para o m\u00eas de novembro. \u201cEst\u00e1vamos com desabastecimento da vacina nas unidades, mas recebemos a quantidade mensal necess\u00e1ria. Come\u00e7amos a distribui\u00e7\u00e3o \u00e0s unidades na semana passada e a partir de quarta-feira todas j\u00e1 estar\u00e3o abastecidas\u201d, afirmou.<\/p>\n","protected":false},"excerpt":{"rendered":"<p>A vacina pentavalente voltar\u00e1 a ser ofertada em todas as unidades de sa\u00fade da fam\u00edlia (USF) de Jo\u00e3o Pessoa que possuem sala de imuniza\u00e7\u00e3o. A&hellip; <\/p>\n","protected":false},"author":1,"featured_media":131718,"comment_status":"closed","ping_status":"closed","sticky":false,"template":"","format":"standard","meta":{"sfsi_plus_gutenberg_text_before_share":"","sfsi_plus_gutenberg_show_text_before_share":"","sfsi_plus_gutenberg_icon_type":"","sfsi_plus_gutenberg_icon_alignemt":"","sfsi_plus_gutenburg_max_per_row":"","footnotes":""},"categories":[16],"tags":[],"class_list":["post-132556","post","type-post","status-publish","format-standard","has-post-thumbnail","hentry","category-saude"],"_links":{"self":[{"href":"https:\/\/www.caririemacao.com\/1\/wp-json\/wp\/v2\/posts\/132556","targetHints":{"allow":["GET"]}}],"collection":[{"href":"https:\/\/www.caririemacao.com\/1\/wp-json\/wp\/v2\/posts"}],"about":[{"href":"https:\/\/www.caririemacao.com\/1\/wp-json\/wp\/v2\/types\/post"}],"author":[{"embeddable":true,"href":"https:\/\/www.caririemacao.com\/1\/wp-json\/wp\/v2\/users\/1"}],"replies":[{"embeddable":true,"href":"https:\/\/www.caririemacao.com\/1\/wp-json\/wp\/v2\/comments?post=132556"}],"version-history":[{"count":1,"href":"https:\/\/www.caririemacao.com\/1\/wp-json\/wp\/v2\/posts\/132556\/revisions"}],"predecessor-version":[{"id":132557,"href":"https:\/\/www.caririemacao.com\/1\/wp-json\/wp\/v2\/posts\/132556\/revisions\/132557"}],"wp:featuredmedia":[{"embeddable":true,"href":"https:\/\/www.caririemacao.com\/1\/wp-json\/wp\/v2\/media\/131718"}],"wp:attachment":[{"href":"https:\/\/www.caririemacao.com\/1\/wp-json\/wp\/v2\/media?parent=132556"}],"wp:term":[{"taxonomy":"category","embeddable":true,"href":"https:\/\/www.caririemacao.com\/1\/wp-json\/wp\/v2\/categories?post=132556"},{"taxonomy":"post_tag","embeddable":true,"href":"https:\/\/www.caririemacao.com\/1\/wp-json\/wp\/v2\/tags?post=132556"}],"curies":[{"name":"wp","href":"https:\/\/api.w.org\/{rel}","templated":true}]}}