{"id":132561,"date":"2019-11-05T08:28:12","date_gmt":"2019-11-05T11:28:12","guid":{"rendered":"http:\/\/www.caririemacao.com\/1\/?p=132561"},"modified":"2019-11-05T08:28:12","modified_gmt":"2019-11-05T11:28:12","slug":"governo-completa-300-dias-comemora-investimentos-e-apresenta-reformas","status":"publish","type":"post","link":"https:\/\/www.caririemacao.com\/1\/2019\/11\/05\/governo-completa-300-dias-comemora-investimentos-e-apresenta-reformas\/","title":{"rendered":"Governo completa 300 dias, comemora investimentos e apresenta reformas"},"content":{"rendered":"\n<p>Ao completar 300 dias de governo, o presidente Jair Bolsonaro faz um balan\u00e7o das \u00faltimas viagens e comemora os novos investimentos no pa\u00eds, em cerim\u00f4nia prevista para hoje (5) no Pal\u00e1cio do Planalto. O governo deve apresentar tamb\u00e9m novas propostas de reformas para promover a efici\u00eancia do Estado e impulsionar a economia e a gera\u00e7\u00e3o de empregos.<\/p>\n\n\n\n<p>Depois da aprova\u00e7\u00e3o da nova Previd\u00eancia, o governo quer se concentrar na reforma do&nbsp;<a href=\"http:\/\/agenciabrasil.ebc.com.br\/politica\/noticia\/2019-10\/depois-da-previdencia-senado-quer-se-concentrar-no-pacto-federativo\" target=\"_blank\" rel=\"noreferrer noopener\">Pacto Federativo<\/a>, para equilibrar o or\u00e7amento de todos os entes federados. Em entrevista na semana passada, Bolsonaro afirmou que deve levar a proposta pessoalmente ao Congresso e que espera consenso no Parlamento para a prova\u00e7\u00e3o do texto. A revis\u00e3o do Pacto Federativo pretende dar mais dinheiro para estados e munic\u00edpios, al\u00e9m de desvincular e desindexar o Or\u00e7amento da Uni\u00e3o.<\/p>\n\n\n\n<figure class=\"wp-block-image\"><img decoding=\"async\" data-src=\"http:\/\/imagens.ebc.com.br\/7e824BotVzX11vmP9qJIzj01SaA=\/754x0\/smart\/http:\/\/agenciabrasil.ebc.com.br\/sites\/default\/files\/thumbnails\/image\/jfcrz_bolsonaro_abr_06091922393_0.jpg?itok=icu6F-bc\" alt=\"O presidente Jair Bolsonaro, participa da cerim\u00f4nia  de assinatura dos contratos de concess\u00e3o da 5\u00aa Rodada de Leil\u00f5es de Aeroportos da Infraero.\" src=\"data:image\/svg+xml;base64,PHN2ZyB3aWR0aD0iMSIgaGVpZ2h0PSIxIiB4bWxucz0iaHR0cDovL3d3dy53My5vcmcvMjAwMC9zdmciPjwvc3ZnPg==\" class=\"lazyload\" \/><\/figure>\n\n\n\n<p>Presidente Jair Bolsonaro &#8211;&nbsp;<strong>Jos\u00e9 Cruz\/Ag\u00eancia Brasil<\/strong><br><\/p>\n\n\n\n<p>A reforma administrativa tamb\u00e9m est\u00e1 no radar da equipe econ\u00f4mica. Uma das medidas do governo deve ser a redu\u00e7\u00e3o do n\u00famero de cargos intermedi\u00e1rios e mudan\u00e7a na estabilidade de novos concursados para o servi\u00e7o p\u00fablico. Os atuais servidores e os de carreiras t\u00edpicas de Estado, entretanto, devem manter a estabilidade. Atualmente, todos os servidores p\u00fablicos estatut\u00e1rios t\u00eam direito \u00e0 estabilidade no cargo ap\u00f3s tr\u00eas anos de atividade.<\/p>\n\n\n\n<p>O presidente Jair Bolsonaro se preocupa ainda com a alta carga tribut\u00e1ria no pa\u00eds, que, segundo ele, encarece a cadeia produtiva e \u00e9 um entrave \u00e0 competitividade dos produtos brasileiros para exporta\u00e7\u00e3o. A primeira parte do projeto de reforma tribut\u00e1ria que ser\u00e1 encaminhado ao Legislativo deve tratar da simplifica\u00e7\u00e3o do PIS\/Cofins.<\/p>\n\n\n\n<h2 class=\"wp-block-heading\">Viagens<\/h2>\n\n\n\n<p>A cria\u00e7\u00e3o de empregos no pa\u00eds j\u00e1 totaliza 761.776 de janeiro a setembro, 6% a mais que no mesmo per\u00edodo do ano passado. Para Bolsonaro, o saldo positivo \u00e9 um sinal de recupera\u00e7\u00e3o da economia e confian\u00e7a dos investidores no pa\u00eds.<\/p>\n\n\n\n<p>O presidente comemora ainda os acordos bilaterais e investimentos anunciados durante sua \u00faltima&nbsp;<a href=\"http:\/\/agenciabrasil.ebc.com.br\/politica\/noticia\/2019-10\/presidente-jair-bolsonaro-chega-brasilia-apos-visita-cinco-paises\" target=\"_blank\" rel=\"noreferrer noopener\">viagem \u00e0 \u00c1sia e ao Oriente M\u00e9dio<\/a>. Durante dez dias, ele passou por cinco pa\u00edses apresentando as reformas que o governo brasileiro est\u00e1 empreendendo na \u00e1rea econ\u00f4mica e as oportunidades no pa\u00eds.<\/p>\n\n\n\n<p>O grupo Mubadala, um dos dois grandes fundos soberanos dos Emirados \u00c1rabes Unidos, anunciou mais investimentos no Brasil, assim como o Fundo de Investimento P\u00fablico saudita (PIF), que pretende desenvolver projetos da ordem de US$ 10 bilh\u00f5es. Com esses recursos, o governo brasileiro quer impulsionar os projetos de infraestrutura e de concess\u00f5es e privatiza\u00e7\u00f5es do Programa de Parcerias de Investimentos (PPI). De acordo com Bolsonaro, o Brasil j\u00e1 recebeu US$ 28 bilh\u00f5es em investimentos estrangeiros nos primeiros seis meses de 2019.<\/p>\n","protected":false},"excerpt":{"rendered":"<p>Ao completar 300 dias de governo, o presidente Jair Bolsonaro faz um balan\u00e7o das \u00faltimas viagens e comemora os novos investimentos no pa\u00eds, em cerim\u00f4nia&hellip; <\/p>\n","protected":false},"author":1,"featured_media":126636,"comment_status":"closed","ping_status":"closed","sticky":false,"template":"","format":"standard","meta":{"sfsi_plus_gutenberg_text_before_share":"","sfsi_plus_gutenberg_show_text_before_share":"","sfsi_plus_gutenberg_icon_type":"","sfsi_plus_gutenberg_icon_alignemt":"","sfsi_plus_gutenburg_max_per_row":"","footnotes":""},"categories":[11],"tags":[],"class_list":["post-132561","post","type-post","status-publish","format-standard","has-post-thumbnail","hentry","category-politica"],"_links":{"self":[{"href":"https:\/\/www.caririemacao.com\/1\/wp-json\/wp\/v2\/posts\/132561","targetHints":{"allow":["GET"]}}],"collection":[{"href":"https:\/\/www.caririemacao.com\/1\/wp-json\/wp\/v2\/posts"}],"about":[{"href":"https:\/\/www.caririemacao.com\/1\/wp-json\/wp\/v2\/types\/post"}],"author":[{"embeddable":true,"href":"https:\/\/www.caririemacao.com\/1\/wp-json\/wp\/v2\/users\/1"}],"replies":[{"embeddable":true,"href":"https:\/\/www.caririemacao.com\/1\/wp-json\/wp\/v2\/comments?post=132561"}],"version-history":[{"count":1,"href":"https:\/\/www.caririemacao.com\/1\/wp-json\/wp\/v2\/posts\/132561\/revisions"}],"predecessor-version":[{"id":132562,"href":"https:\/\/www.caririemacao.com\/1\/wp-json\/wp\/v2\/posts\/132561\/revisions\/132562"}],"wp:featuredmedia":[{"embeddable":true,"href":"https:\/\/www.caririemacao.com\/1\/wp-json\/wp\/v2\/media\/126636"}],"wp:attachment":[{"href":"https:\/\/www.caririemacao.com\/1\/wp-json\/wp\/v2\/media?parent=132561"}],"wp:term":[{"taxonomy":"category","embeddable":true,"href":"https:\/\/www.caririemacao.com\/1\/wp-json\/wp\/v2\/categories?post=132561"},{"taxonomy":"post_tag","embeddable":true,"href":"https:\/\/www.caririemacao.com\/1\/wp-json\/wp\/v2\/tags?post=132561"}],"curies":[{"name":"wp","href":"https:\/\/api.w.org\/{rel}","templated":true}]}}