{"id":132567,"date":"2019-11-05T08:32:58","date_gmt":"2019-11-05T11:32:58","guid":{"rendered":"http:\/\/www.caririemacao.com\/1\/?p=132567"},"modified":"2019-11-05T08:32:58","modified_gmt":"2019-11-05T11:32:58","slug":"bolsonaro-e-guedes-vao-ao-congresso-propor-novas-reformas","status":"publish","type":"post","link":"https:\/\/www.caririemacao.com\/1\/2019\/11\/05\/bolsonaro-e-guedes-vao-ao-congresso-propor-novas-reformas\/","title":{"rendered":"Bolsonaro e Guedes v\u00e3o ao Congresso propor novas reformas"},"content":{"rendered":"\n<p>O presidente Jair Bolsonaro \u00e9 aguardado hoje (5), \u00e0s 11h, no Senado para a entrega de propostas das pr\u00f3ximas reformas que o governo quer ver aprovadas.<\/p>\n\n\n\n<p>O esfor\u00e7o \u00e9 uma sequ\u00eancia \u00e0 aprova\u00e7\u00e3o da&nbsp;<a href=\"http:\/\/agenciabrasil.ebc.com.br\/politica\/noticia\/2019-10\/apos-acordo-senado-conclui-votacao-da-reforma-da-previdencia\" target=\"_blank\" rel=\"noreferrer noopener\">reforma da Previd\u00eancia<\/a>, ocorrida no fim de outubro. Al\u00e9m de Bolsonaro, o ministro da Casa Civil, Oxyx Lorenzoni, e o ministro da Economia, Paulo Guedes, dever\u00e3o acompanhar o presidente.<\/p>\n\n\n\n<p>Bolsonaro e seus ministros ser\u00e3o recebidos pelo presidente do Congresso, senador Davi Alcolumbre (DEM-AP), no gabinete da presid\u00eancia do Senado. Ap\u00f3s a entrega das propostas, est\u00e1 prevista uma entrevista coletiva para detalhar as a\u00e7\u00f5es do governo. A presen\u00e7a de Alcolumbre na coletiva est\u00e1 confirmada. A assessoria do Pal\u00e1cio do Planalto, no entanto, n\u00e3o confirmou se Bolsonaro tamb\u00e9m falar\u00e1 com a imprensa.<\/p>\n\n\n\n<p>O governo apresentar\u00e1 tr\u00eas propostas de emenda \u00e0 Constitui\u00e7\u00e3o (PEC). A primeira PEC traz gatilhos que elevam o controle fiscal para conter o avan\u00e7o de gastos obrigat\u00f3rios, principalmente com funcionalismo e benef\u00edcios sociais.<\/p>\n\n\n\n<p>A segunda proposta traz uma esp\u00e9cie de regra de ouro para os estados, um instrumento que pro\u00edbe o endividamento p\u00fablico para pagar as despesas correntes, como os sal\u00e1rios do funcionalismo p\u00fablico, benef\u00edcios de aposentadoria, contas de luz e outros custeios.<\/p>\n\n\n\n<p>A terceira PEC vai propor ampla revis\u00e3o dos fundos constitucionais e infraconstitucionais.<\/p>\n\n\n\n<p>Hoje, s\u00e3o 260 fundos desse tipo. O governo ainda pode apresentar uma quarta PEC, a da&nbsp;<a href=\"http:\/\/agenciabrasil.ebc.com.br\/politica\/noticia\/2019-11\/reforma-administrativa-deve-mudar-estabilidade-de-novos-servidores\" target=\"_blank\" rel=\"noreferrer noopener\">reforma administrativa<\/a>. Essa proposta alteraria as regras do servi\u00e7o p\u00fablico, como a estabilidade, por exemplo.<\/p>\n","protected":false},"excerpt":{"rendered":"<p>O presidente Jair Bolsonaro \u00e9 aguardado hoje (5), \u00e0s 11h, no Senado para a entrega de propostas das pr\u00f3ximas reformas que o governo quer ver&hellip; <\/p>\n","protected":false},"author":1,"featured_media":132568,"comment_status":"closed","ping_status":"closed","sticky":false,"template":"","format":"standard","meta":{"sfsi_plus_gutenberg_text_before_share":"","sfsi_plus_gutenberg_show_text_before_share":"","sfsi_plus_gutenberg_icon_type":"","sfsi_plus_gutenberg_icon_alignemt":"","sfsi_plus_gutenburg_max_per_row":"","footnotes":""},"categories":[11],"tags":[],"class_list":["post-132567","post","type-post","status-publish","format-standard","has-post-thumbnail","hentry","category-politica"],"_links":{"self":[{"href":"https:\/\/www.caririemacao.com\/1\/wp-json\/wp\/v2\/posts\/132567","targetHints":{"allow":["GET"]}}],"collection":[{"href":"https:\/\/www.caririemacao.com\/1\/wp-json\/wp\/v2\/posts"}],"about":[{"href":"https:\/\/www.caririemacao.com\/1\/wp-json\/wp\/v2\/types\/post"}],"author":[{"embeddable":true,"href":"https:\/\/www.caririemacao.com\/1\/wp-json\/wp\/v2\/users\/1"}],"replies":[{"embeddable":true,"href":"https:\/\/www.caririemacao.com\/1\/wp-json\/wp\/v2\/comments?post=132567"}],"version-history":[{"count":1,"href":"https:\/\/www.caririemacao.com\/1\/wp-json\/wp\/v2\/posts\/132567\/revisions"}],"predecessor-version":[{"id":132569,"href":"https:\/\/www.caririemacao.com\/1\/wp-json\/wp\/v2\/posts\/132567\/revisions\/132569"}],"wp:featuredmedia":[{"embeddable":true,"href":"https:\/\/www.caririemacao.com\/1\/wp-json\/wp\/v2\/media\/132568"}],"wp:attachment":[{"href":"https:\/\/www.caririemacao.com\/1\/wp-json\/wp\/v2\/media?parent=132567"}],"wp:term":[{"taxonomy":"category","embeddable":true,"href":"https:\/\/www.caririemacao.com\/1\/wp-json\/wp\/v2\/categories?post=132567"},{"taxonomy":"post_tag","embeddable":true,"href":"https:\/\/www.caririemacao.com\/1\/wp-json\/wp\/v2\/tags?post=132567"}],"curies":[{"name":"wp","href":"https:\/\/api.w.org\/{rel}","templated":true}]}}