{"id":132574,"date":"2019-11-05T08:39:27","date_gmt":"2019-11-05T11:39:27","guid":{"rendered":"http:\/\/www.caririemacao.com\/1\/?p=132574"},"modified":"2019-11-05T08:39:27","modified_gmt":"2019-11-05T11:39:27","slug":"inep-analisara-pedido-de-estudante-que-se-sentiu-prejudicado-no-enem-2","status":"publish","type":"post","link":"https:\/\/www.caririemacao.com\/1\/2019\/11\/05\/inep-analisara-pedido-de-estudante-que-se-sentiu-prejudicado-no-enem-2\/","title":{"rendered":"Inep analisar\u00e1 pedido de estudante que se sentiu prejudicado no Enem"},"content":{"rendered":"\n<p>O estudante que se sentiu prejudicado no Exame Nacional do Ensino M\u00e9dio (Enem) poder\u00e1 informar o Instituto Nacional de Estudos e Pesquisas Educacionais An\u00edsio Teixeira (Inep) a partir do dia 11. Cada caso ser\u00e1 analisado e o participante poder\u00e1 ter direito a fazer a prova novamente.<\/p>\n\n\n\n<p>&#8220;Caso voc\u00ea tenha se sentido prejudicado com rela\u00e7\u00e3o \u00e0 log\u00edstica de aplica\u00e7\u00e3o do exame no primeiro dia, compare\u00e7a ao segundo dia e&nbsp;<a href=\"https:\/\/https\/\/twitter.com\/inep_oficial\/status\/1191395953930129408\" target=\"_blank\" rel=\"noreferrer noopener\">registre sua reclama\u00e7\u00e3o na P\u00e1gina do Participante&nbsp;<\/a>a partir do dia 11 de novembro&#8221;, orienta a coordenadora de Procedimentos de Aplica\u00e7\u00e3o do Inep, Patr\u00edcia On\u00f3rio.<\/p>\n\n\n\n<p>De acordo com o edital do Enem, o participante tem cinco dias \u00fateis ap\u00f3s o segundo dia de aplica\u00e7\u00e3o do exame, no dia 10 de novembro, para registrar a reclama\u00e7\u00e3o. Poder\u00e3o ter direito \u00e0 reaplica\u00e7\u00e3o aqueles que foram afetados por problemas log\u00edsticos. Os casos ser\u00e3o julgados, individualmente, pela Comiss\u00e3o de Demandas.<\/p>\n\n\n\n<p>S\u00e3o considerados problemas log\u00edsticos fatores como desastres naturais que prejudiquem a aplica\u00e7\u00e3o devido ao comprometimento da infraestrutura do local; falta de energia el\u00e9trica que comprometa a visibilidade da prova pela aus\u00eancia de luz natural; e erro de execu\u00e7\u00e3o de procedimento de aplica\u00e7\u00e3o pelo aplicador que leve ao comprovado preju\u00edzo do participante.<\/p>\n\n\n\n<p>Os estudantes que sentiram alguma indisposi\u00e7\u00e3o ou problema de sa\u00fade e tiveram que sair da sala onde estava sendo aplicada a prova n\u00e3o ter\u00e3o direito \u00e0 reaplica\u00e7\u00e3o, segundo as regras do exame.<\/p>\n\n\n\n<p>Os registros devem ser feitos na&nbsp;<a href=\"https:\/\/enem.inep.gov.br\/participante\/#!\/inicial\" target=\"_blank\" rel=\"noreferrer noopener\">P\u00e1gina do Participante<\/a>. A aprova\u00e7\u00e3o ou reprova\u00e7\u00e3o da solicita\u00e7\u00e3o da reaplica\u00e7\u00e3o ser\u00e1 divulgada tamb\u00e9m nessa p\u00e1gina. A prova ser\u00e1 reaplicada nos dias 10 e 11 de dezembro.<\/p>\n\n\n\n<h2 class=\"wp-block-heading\">Declara\u00e7\u00e3o<\/h2>\n\n\n\n<p>Os candidatos que precisarem comprovar presen\u00e7a no dia de prova do Enem para, por exemplo, justificar falta no trabalho, devem imprimir a Declara\u00e7\u00e3o de Comparecimento personalizada, dispon\u00edvel na P\u00e1gina do Participante.<\/p>\n\n\n\n<p>A declara\u00e7\u00e3o do segundo dia de prova pode ser acessada a partir de hoje (4) e deve ser impressa e entregue ao aplicador no dia do exame.<\/p>\n\n\n\n<p><a href=\"http:\/\/agenciabrasil.ebc.com.br\/educacao\/noticia\/2019-11\/confira-o-que-pode-e-o-que-nao-pode-no-enem\" target=\"_blank\" rel=\"noreferrer noopener\">As regras do Enem para o segundo exame s\u00e3o as mesmas<\/a>. Os port\u00f5es abrir\u00e3o \u00e0s 12h e fechar\u00e3o \u00e0s 13h, no hor\u00e1rio de Bras\u00edlia. A dura\u00e7\u00e3o do exame, no entanto, ser\u00e1 menor, os participantes ter\u00e3o 5 horas para resolver as quest\u00f5es.<\/p>\n\n\n\n<p>Ontem (3), os estudantes fizeram as provas de reda\u00e7\u00e3o, ci\u00eancias humanas e linguagens. No pr\u00f3ximo domingo (10), far\u00e3o as provas de matem\u00e1tica e ci\u00eancias da natureza.<\/p>\n","protected":false},"excerpt":{"rendered":"<p>O estudante que se sentiu prejudicado no Exame Nacional do Ensino M\u00e9dio (Enem) poder\u00e1 informar o Instituto Nacional de Estudos e Pesquisas Educacionais An\u00edsio Teixeira&hellip; <\/p>\n","protected":false},"author":1,"featured_media":106034,"comment_status":"closed","ping_status":"closed","sticky":false,"template":"","format":"standard","meta":{"sfsi_plus_gutenberg_text_before_share":"","sfsi_plus_gutenberg_show_text_before_share":"","sfsi_plus_gutenberg_icon_type":"","sfsi_plus_gutenberg_icon_alignemt":"","sfsi_plus_gutenburg_max_per_row":"","footnotes":""},"categories":[2],"tags":[],"class_list":["post-132574","post","type-post","status-publish","format-standard","has-post-thumbnail","hentry","category-geral"],"_links":{"self":[{"href":"https:\/\/www.caririemacao.com\/1\/wp-json\/wp\/v2\/posts\/132574","targetHints":{"allow":["GET"]}}],"collection":[{"href":"https:\/\/www.caririemacao.com\/1\/wp-json\/wp\/v2\/posts"}],"about":[{"href":"https:\/\/www.caririemacao.com\/1\/wp-json\/wp\/v2\/types\/post"}],"author":[{"embeddable":true,"href":"https:\/\/www.caririemacao.com\/1\/wp-json\/wp\/v2\/users\/1"}],"replies":[{"embeddable":true,"href":"https:\/\/www.caririemacao.com\/1\/wp-json\/wp\/v2\/comments?post=132574"}],"version-history":[{"count":1,"href":"https:\/\/www.caririemacao.com\/1\/wp-json\/wp\/v2\/posts\/132574\/revisions"}],"predecessor-version":[{"id":132575,"href":"https:\/\/www.caririemacao.com\/1\/wp-json\/wp\/v2\/posts\/132574\/revisions\/132575"}],"wp:featuredmedia":[{"embeddable":true,"href":"https:\/\/www.caririemacao.com\/1\/wp-json\/wp\/v2\/media\/106034"}],"wp:attachment":[{"href":"https:\/\/www.caririemacao.com\/1\/wp-json\/wp\/v2\/media?parent=132574"}],"wp:term":[{"taxonomy":"category","embeddable":true,"href":"https:\/\/www.caririemacao.com\/1\/wp-json\/wp\/v2\/categories?post=132574"},{"taxonomy":"post_tag","embeddable":true,"href":"https:\/\/www.caririemacao.com\/1\/wp-json\/wp\/v2\/tags?post=132574"}],"curies":[{"name":"wp","href":"https:\/\/api.w.org\/{rel}","templated":true}]}}