{"id":132580,"date":"2019-11-05T08:42:30","date_gmt":"2019-11-05T11:42:30","guid":{"rendered":"http:\/\/www.caririemacao.com\/1\/?p=132580"},"modified":"2019-11-05T08:42:30","modified_gmt":"2019-11-05T11:42:30","slug":"11-vereadores-de-cidade-da-paraiba-sao-presos-suspeitos-de-forjarem-congresso-em-gramado","status":"publish","type":"post","link":"https:\/\/www.caririemacao.com\/1\/2019\/11\/05\/11-vereadores-de-cidade-da-paraiba-sao-presos-suspeitos-de-forjarem-congresso-em-gramado\/","title":{"rendered":"11 Vereadores de cidade da Para\u00edba s\u00e3o presos suspeitos de forjarem congresso em Gramado"},"content":{"rendered":"\n<p>Onze vereadores e um contador da C\u00e2mara Municipal de Santa Rita, na Grande Jo\u00e3o Pessoa, foram presos na madrugada desta ter\u00e7a-feira (5), suspeitos de desviar dinheiro p\u00fablico para custear despesas de uma viagem feita para a cidade de Gramado, no Rio Grande do Sul. Os parlamentares foram detidos durante a opera\u00e7\u00e3o \u2018Natal Luz\u2019 do Grupo de Atua\u00e7\u00e3o Especial Contra o Crime Organizado (Gaeco) do Minist\u00e9rio P\u00fablico da Para\u00edba (MPPB).<\/p>\n\n\n\n<p>De acordo com o delegado Allan Terruel, a opera\u00e7\u00e3o teve in\u00edcio ap\u00f3s o MP suspeitar da viagem dos vereadores, que usaram um semin\u00e1rio como justificativa para a ida a Gramado. A empresa organizadora da viagem seria da cidade de Sergipe, o que fez a investiga\u00e7\u00e3o ser iniciada. A opera\u00e7\u00e3o contou com a participa\u00e7\u00e3o da Gaeco da PB e do Rio Grande do Sul, al\u00e9m da Pol\u00edcia Civil de Sergipe. De acordo coma opera\u00e7\u00e3o, s\u00f3 em di\u00e1rias foram gastos R$69 mil.<\/p>\n\n\n\n<p>\u201cMonitoramos todas as atividades dos vereadores e de todas as pessoas que os acompanhavam. A pol\u00edcia civil fez o levantamento da empresa que estaria respons\u00e1vel pelo suposto semin\u00e1rio e pela viagem, e foram confeccionados dois relat\u00f3rios\u201d, explicou o delegado, acrescentando que todas as a\u00e7\u00f5es levam a confirmar uma viagem de lazer e turismo.<\/p>\n\n\n\n<p>Ainda segundo Terruel, foi confirmado que os parlamentares forjaram o evento para realizar a viagem com dinheiro p\u00fablico. Os vereadores foram encaminhados para a Central de Flagrantes, em Jo\u00e3o Pessoa, onde aguardam a audi\u00eancia de cust\u00f3dia, prevista para acontecer ainda nesta ter\u00e7a-feira (5).<\/p>\n","protected":false},"excerpt":{"rendered":"<p>Onze vereadores e um contador da C\u00e2mara Municipal de Santa Rita, na Grande Jo\u00e3o Pessoa, foram presos na madrugada desta ter\u00e7a-feira (5), suspeitos de desviar&hellip; <\/p>\n","protected":false},"author":1,"featured_media":132581,"comment_status":"closed","ping_status":"closed","sticky":false,"template":"","format":"standard","meta":{"sfsi_plus_gutenberg_text_before_share":"","sfsi_plus_gutenberg_show_text_before_share":"","sfsi_plus_gutenberg_icon_type":"","sfsi_plus_gutenberg_icon_alignemt":"","sfsi_plus_gutenburg_max_per_row":"","footnotes":""},"categories":[2],"tags":[],"class_list":["post-132580","post","type-post","status-publish","format-standard","has-post-thumbnail","hentry","category-geral"],"_links":{"self":[{"href":"https:\/\/www.caririemacao.com\/1\/wp-json\/wp\/v2\/posts\/132580","targetHints":{"allow":["GET"]}}],"collection":[{"href":"https:\/\/www.caririemacao.com\/1\/wp-json\/wp\/v2\/posts"}],"about":[{"href":"https:\/\/www.caririemacao.com\/1\/wp-json\/wp\/v2\/types\/post"}],"author":[{"embeddable":true,"href":"https:\/\/www.caririemacao.com\/1\/wp-json\/wp\/v2\/users\/1"}],"replies":[{"embeddable":true,"href":"https:\/\/www.caririemacao.com\/1\/wp-json\/wp\/v2\/comments?post=132580"}],"version-history":[{"count":1,"href":"https:\/\/www.caririemacao.com\/1\/wp-json\/wp\/v2\/posts\/132580\/revisions"}],"predecessor-version":[{"id":132582,"href":"https:\/\/www.caririemacao.com\/1\/wp-json\/wp\/v2\/posts\/132580\/revisions\/132582"}],"wp:featuredmedia":[{"embeddable":true,"href":"https:\/\/www.caririemacao.com\/1\/wp-json\/wp\/v2\/media\/132581"}],"wp:attachment":[{"href":"https:\/\/www.caririemacao.com\/1\/wp-json\/wp\/v2\/media?parent=132580"}],"wp:term":[{"taxonomy":"category","embeddable":true,"href":"https:\/\/www.caririemacao.com\/1\/wp-json\/wp\/v2\/categories?post=132580"},{"taxonomy":"post_tag","embeddable":true,"href":"https:\/\/www.caririemacao.com\/1\/wp-json\/wp\/v2\/tags?post=132580"}],"curies":[{"name":"wp","href":"https:\/\/api.w.org\/{rel}","templated":true}]}}