{"id":132597,"date":"2019-11-05T09:47:41","date_gmt":"2019-11-05T12:47:41","guid":{"rendered":"http:\/\/www.caririemacao.com\/1\/?p=132597"},"modified":"2019-11-05T09:47:41","modified_gmt":"2019-11-05T12:47:41","slug":"copom-espera-crescimento-da-economia-brasileira-no-terceiro-trimestre","status":"publish","type":"post","link":"https:\/\/www.caririemacao.com\/1\/2019\/11\/05\/copom-espera-crescimento-da-economia-brasileira-no-terceiro-trimestre\/","title":{"rendered":"Copom espera crescimento da economia brasileira no terceiro trimestre"},"content":{"rendered":"\n<p>O Comit\u00ea de Pol\u00edtica Monet\u00e1ria (Copom) do Banco Central (BC) estima que a economia deve ter apresentado crescimento no terceiro trimestre e pode acelerar nos per\u00edodos seguintes.<\/p>\n\n\n\n<p>\u00c9 o que diz a ata da \u00faltima reuni\u00e3o do Copom, divulgada hoje (5), em Bras\u00edlia. No \u00faltimo dia 30, o comit\u00ea reduziu a&nbsp;<a href=\"http:\/\/agenciabrasil.ebc.com.br\/economia\/noticia\/2019-10\/copom-reduz-juros-basicos-para-5-ao-ano-o-menor-nivel-da-historia\" target=\"_blank\" rel=\"noreferrer noopener\">taxa b\u00e1sica de juros<\/a>, a Selic, para 5% ao ano, com corte de 0,5 ponto percentual.<\/p>\n\n\n\n<p>Para o Copom, o ritmo de crescimento da economia, exclu\u00eddos efeitos de est\u00edmulos tempor\u00e1rios, ser\u00e1 gradual. \u201cO comit\u00ea estima que o Produto Interno Bruto (PIB) deve ter apresentado crescimento no terceiro trimestre. Os trimestres seguintes devem apresentar alguma acelera\u00e7\u00e3o, que deve ser refor\u00e7ada pelos est\u00edmulos decorrentes da libera\u00e7\u00e3o de recursos do FGTS [Fundo de Garantia do Tempo de Servi\u00e7o] e PIS-Pasep [Programa de Integra\u00e7\u00e3o Social\/Programa de Forma\u00e7\u00e3o do Patrim\u00f4nio do Servidor P\u00fablico] \u2013 com impacto mais concentrado no \u00faltimo trimestre de 2019\u201d, explicou a ata.<\/p>\n\n\n\n<p>O resultado do PIB do terceiro trimestre ser\u00e1 divulgado no dia 3 de dezembro pelo Instituto Brasileiro de Geografia e Estat\u00edstica (IBGE).<\/p>\n\n\n\n<h2 class=\"wp-block-heading\">Reformas<\/h2>\n\n\n\n<p>Na ata, o Copom destacou a \u201crelev\u00e2ncia da aprova\u00e7\u00e3o da reforma da Previd\u00eancia pelo Congresso Nacional\u201d, mas refor\u00e7ou a \u201cimport\u00e2ncia da continuidade do processo de reformas e ajustes que gerem sustentabilidade da trajet\u00f3ria fiscal\u201d.<\/p>\n\n\n\n<p>\u201cAo reduzirem incertezas fundamentais sobre a economia brasileira, essas reformas tendem a trabalhar no mesmo sentido da pol\u00edtica monet\u00e1ria e,<br>portanto, estimular o investimento privado. Esse potencial efeito expansionista deve contrabalan\u00e7ar impactos de ajustes fiscais correntes sobre a atividade econ\u00f4mica, al\u00e9m de mitigar [suavizar]os riscos de epis\u00f3dios de forte eleva\u00e7\u00e3o de pr\u00eamios de risco [retorno adicional cobrado por investidores para aceitar correr maior grau de risco]\u201d, disse.<\/p>\n\n\n\n<p>\u201cO Copom reiterou o entendimento de que uma acelera\u00e7\u00e3o do ritmo de retomada da economia para patamares mais robustos tamb\u00e9m depender\u00e1 de outras iniciativas e reformas microecon\u00f4micas que visam ao aumento de produtividade, ganhos de efici\u00eancia, maior flexibilidade da economia e melhoria do ambiente de neg\u00f3cios\u201d, acrescentou.<\/p>\n\n\n\n<h2 class=\"wp-block-heading\">Infla\u00e7\u00e3o<\/h2>\n\n\n\n<p>Para o Copom, as proje\u00e7\u00f5es de infla\u00e7\u00e3o est\u00e3o em \u201cn\u00edveis confort\u00e1veis\u201d. \u201cAs estimativas e proje\u00e7\u00f5es de curto prazo indicam que a infla\u00e7\u00e3o acumulada em 12 meses ainda deve ter recuado em outubro, para n\u00edveis ao redor das m\u00ednimas observadas durante o regime de metas para a infla\u00e7\u00e3o, voltando a se elevar ao longo dos \u00faltimos meses do ano\u201d, projetou o Copom.<\/p>\n\n\n\n<p>Essa trajet\u00f3ria de curto prazo, acrescentou, reflete uma infla\u00e7\u00e3o abaixo do esperado pelo Copom em setembro e revis\u00e3o, tamb\u00e9m para baixo, da proje\u00e7\u00e3o referente ao m\u00eas de outubro.<\/p>\n\n\n\n<p>\u201cPara o \u00faltimo bimestre deste ano, foram revistas as proje\u00e7\u00f5es de alguns pre\u00e7os administrados, que, por sua vez, compensaram aquelas surpresas desinflacion\u00e1rias, mantendo a proje\u00e7\u00e3o de infla\u00e7\u00e3o est\u00e1vel em rela\u00e7\u00e3o \u00e0 da reuni\u00e3o anterior\u201d, afirmou o Copom.<\/p>\n\n\n\n<h2 class=\"wp-block-heading\">Pr\u00f3ximos passos<\/h2>\n\n\n\n<p>Na ata, o comit\u00ea sinalizou que deve voltar a cortar a taxa Selic em 0,5 ponto percentual em dezembro. \u201cO Copom debateu, ent\u00e3o, a conveni\u00eancia de oferecer alguma perspectiva sobre poss\u00edveis cen\u00e1rios para a pol\u00edtica monet\u00e1ria. Decidiu comunicar sua avalia\u00e7\u00e3o de que a consolida\u00e7\u00e3o do cen\u00e1rio benigno para a infla\u00e7\u00e3o prospectiva dever\u00e1 permitir um ajuste adicional, de igual magnitude, no grau de est\u00edmulo monet\u00e1rio\u201d, afirmou a ata.<\/p>\n\n\n\n<p>Sobre novos ajustes, a partir de 2020, \u201cos membros do Copom decidiram refor\u00e7ar que o atual est\u00e1gio do ciclo econ\u00f4mico recomenda cautela em eventuais novos ajustes no grau de est\u00edmulo.<\/p>\n\n\n\n<p>\u201cO Copom julgou ser fundamental reiterar que a comunica\u00e7\u00e3o dessa avalia\u00e7\u00e3o n\u00e3o restringe suas pr\u00f3ximas decis\u00f5es e enfatizar que os pr\u00f3ximos passos da pol\u00edtica monet\u00e1ria continuar\u00e3o dependendo da evolu\u00e7\u00e3o da atividade econ\u00f4mica, do balan\u00e7o de riscos e das proje\u00e7\u00f5es e expectativas de infla\u00e7\u00e3o\u201d, finalizou.<\/p>\n","protected":false},"excerpt":{"rendered":"<p>O Comit\u00ea de Pol\u00edtica Monet\u00e1ria (Copom) do Banco Central (BC) estima que a economia deve ter apresentado crescimento no terceiro trimestre e pode acelerar nos&hellip; <\/p>\n","protected":false},"author":1,"featured_media":106099,"comment_status":"closed","ping_status":"closed","sticky":false,"template":"","format":"standard","meta":{"sfsi_plus_gutenberg_text_before_share":"","sfsi_plus_gutenberg_show_text_before_share":"","sfsi_plus_gutenberg_icon_type":"","sfsi_plus_gutenberg_icon_alignemt":"","sfsi_plus_gutenburg_max_per_row":"","footnotes":""},"categories":[2],"tags":[],"class_list":["post-132597","post","type-post","status-publish","format-standard","has-post-thumbnail","hentry","category-geral"],"_links":{"self":[{"href":"https:\/\/www.caririemacao.com\/1\/wp-json\/wp\/v2\/posts\/132597","targetHints":{"allow":["GET"]}}],"collection":[{"href":"https:\/\/www.caririemacao.com\/1\/wp-json\/wp\/v2\/posts"}],"about":[{"href":"https:\/\/www.caririemacao.com\/1\/wp-json\/wp\/v2\/types\/post"}],"author":[{"embeddable":true,"href":"https:\/\/www.caririemacao.com\/1\/wp-json\/wp\/v2\/users\/1"}],"replies":[{"embeddable":true,"href":"https:\/\/www.caririemacao.com\/1\/wp-json\/wp\/v2\/comments?post=132597"}],"version-history":[{"count":1,"href":"https:\/\/www.caririemacao.com\/1\/wp-json\/wp\/v2\/posts\/132597\/revisions"}],"predecessor-version":[{"id":132603,"href":"https:\/\/www.caririemacao.com\/1\/wp-json\/wp\/v2\/posts\/132597\/revisions\/132603"}],"wp:featuredmedia":[{"embeddable":true,"href":"https:\/\/www.caririemacao.com\/1\/wp-json\/wp\/v2\/media\/106099"}],"wp:attachment":[{"href":"https:\/\/www.caririemacao.com\/1\/wp-json\/wp\/v2\/media?parent=132597"}],"wp:term":[{"taxonomy":"category","embeddable":true,"href":"https:\/\/www.caririemacao.com\/1\/wp-json\/wp\/v2\/categories?post=132597"},{"taxonomy":"post_tag","embeddable":true,"href":"https:\/\/www.caririemacao.com\/1\/wp-json\/wp\/v2\/tags?post=132597"}],"curies":[{"name":"wp","href":"https:\/\/api.w.org\/{rel}","templated":true}]}}