{"id":132602,"date":"2019-11-05T13:10:36","date_gmt":"2019-11-05T16:10:36","guid":{"rendered":"http:\/\/www.caririemacao.com\/1\/?p=132602"},"modified":"2019-11-05T13:15:57","modified_gmt":"2019-11-05T16:15:57","slug":"estrada-que-liga-sume-a-taperoa-recebera-melhorias-ainda-este-ano","status":"publish","type":"post","link":"https:\/\/www.caririemacao.com\/1\/2019\/11\/05\/estrada-que-liga-sume-a-taperoa-recebera-melhorias-ainda-este-ano\/","title":{"rendered":"Estrada que liga Sum\u00e9 a Tapero\u00e1 receber\u00e1 melhorias ainda este ano"},"content":{"rendered":"\n<p>O prefeito de Sum\u00e9, \u00c9den Duarte, recebeu do gabinete do governador Jo\u00e3o Azevedo, of\u00edcio comunicando que a recupera\u00e7\u00e3o do trecho da PB 210, que liga o munic\u00edpio de Sum\u00e9 a Tapero\u00e1, est\u00e1 programada para iniciar ainda este ano.<\/p>\n\n\n\n<p>O prefeito \u00c9den, que juntamente com outros prefeitos da regi\u00e3o, reivindicam reiteradamente o asfalto para\u00a0a estrada, agradeceu ao governador a melhoria que ser\u00e1 realizada no trecho. Ele tamb\u00e9m acrescentou que a luta com os demais prefeitos da regi\u00e3o pela pavimenta\u00e7\u00e3o asf\u00e1ltica da PB 210 continua.<\/p>\n\n\n\n<p>De acordo com o diretor do DER em Sum\u00e9, Lamartine Vieira, a programa\u00e7\u00e3o para o in\u00edcio do recapeamento na estrada deve acontecer de fato, no in\u00edcio do m\u00eas de dezembro, devido \u00e0 recupera\u00e7\u00e3o mec\u00e2nica por qual passa algumas m\u00e1quinas que ir\u00e3o operar no servi\u00e7o. <\/p>\n\n\n\n<p>Ascom<\/p>\n","protected":false},"excerpt":{"rendered":"<p>O prefeito de Sum\u00e9, \u00c9den Duarte, recebeu do gabinete do governador Jo\u00e3o Azevedo, of\u00edcio comunicando que a recupera\u00e7\u00e3o do trecho da PB 210, que liga&hellip; <\/p>\n","protected":false},"author":2,"featured_media":132630,"comment_status":"closed","ping_status":"closed","sticky":false,"template":"","format":"standard","meta":{"sfsi_plus_gutenberg_text_before_share":"","sfsi_plus_gutenberg_show_text_before_share":"","sfsi_plus_gutenberg_icon_type":"","sfsi_plus_gutenberg_icon_alignemt":"","sfsi_plus_gutenburg_max_per_row":"","footnotes":""},"categories":[50,2],"tags":[],"class_list":["post-132602","post","type-post","status-publish","format-standard","has-post-thumbnail","hentry","category-destaque","category-geral"],"_links":{"self":[{"href":"https:\/\/www.caririemacao.com\/1\/wp-json\/wp\/v2\/posts\/132602","targetHints":{"allow":["GET"]}}],"collection":[{"href":"https:\/\/www.caririemacao.com\/1\/wp-json\/wp\/v2\/posts"}],"about":[{"href":"https:\/\/www.caririemacao.com\/1\/wp-json\/wp\/v2\/types\/post"}],"author":[{"embeddable":true,"href":"https:\/\/www.caririemacao.com\/1\/wp-json\/wp\/v2\/users\/2"}],"replies":[{"embeddable":true,"href":"https:\/\/www.caririemacao.com\/1\/wp-json\/wp\/v2\/comments?post=132602"}],"version-history":[{"count":2,"href":"https:\/\/www.caririemacao.com\/1\/wp-json\/wp\/v2\/posts\/132602\/revisions"}],"predecessor-version":[{"id":132632,"href":"https:\/\/www.caririemacao.com\/1\/wp-json\/wp\/v2\/posts\/132602\/revisions\/132632"}],"wp:featuredmedia":[{"embeddable":true,"href":"https:\/\/www.caririemacao.com\/1\/wp-json\/wp\/v2\/media\/132630"}],"wp:attachment":[{"href":"https:\/\/www.caririemacao.com\/1\/wp-json\/wp\/v2\/media?parent=132602"}],"wp:term":[{"taxonomy":"category","embeddable":true,"href":"https:\/\/www.caririemacao.com\/1\/wp-json\/wp\/v2\/categories?post=132602"},{"taxonomy":"post_tag","embeddable":true,"href":"https:\/\/www.caririemacao.com\/1\/wp-json\/wp\/v2\/tags?post=132602"}],"curies":[{"name":"wp","href":"https:\/\/api.w.org\/{rel}","templated":true}]}}