{"id":132607,"date":"2019-11-05T09:52:06","date_gmt":"2019-11-05T12:52:06","guid":{"rendered":"http:\/\/www.caririemacao.com\/1\/?p=132607"},"modified":"2019-11-05T09:52:06","modified_gmt":"2019-11-05T12:52:06","slug":"aparte-desafio-de-universalizar-a-saude-bolsonaro-e-a-estabilidade-funcional","status":"publish","type":"post","link":"https:\/\/www.caririemacao.com\/1\/2019\/11\/05\/aparte-desafio-de-universalizar-a-saude-bolsonaro-e-a-estabilidade-funcional\/","title":{"rendered":"Aparte: Desafio de universalizar a sa\u00fade; Bolsonaro e a estabilidade funcional"},"content":{"rendered":"\n<p>A alguns dos destaques da edi\u00e7\u00e3o desta ter\u00e7a-feira da coluna Aparte, assinada pelo jornalista Arimat\u00e9a Souza<\/p>\n\n\n\n<p>\u2013 OMS detalha os c\u00e1lculos e caminhos para a universaliza\u00e7\u00e3o da sa\u00fade p\u00fablica<\/p>\n\n\n\n<p>\u2013 Bolsonaro e os conceitos sobre o emprego p\u00fablico e privado no Brasil<\/p>\n\n\n\n<p>\u2013 F\u00e1brica da Coca-Cola na Para\u00edba est\u00e1 sendo desativada<\/p>\n\n\n\n<p>E muito mais!<\/p>\n\n\n\n<figure class=\"wp-block-image\"><img decoding=\"async\" data-src=\"https:\/\/paraibaonline.com.br\/wp-content\/uploads\/2019\/09\/BOLSONARO-01.jpg\" alt=\"\" class=\"wp-image-762509 lazyload\" src=\"data:image\/svg+xml;base64,PHN2ZyB3aWR0aD0iMSIgaGVpZ2h0PSIxIiB4bWxucz0iaHR0cDovL3d3dy53My5vcmcvMjAwMC9zdmciPjwvc3ZnPg==\" \/><\/figure>\n","protected":false},"excerpt":{"rendered":"<p>A alguns dos destaques da edi\u00e7\u00e3o desta ter\u00e7a-feira da coluna Aparte, assinada pelo jornalista Arimat\u00e9a Souza \u2013 OMS detalha os c\u00e1lculos e caminhos para a&hellip; <\/p>\n","protected":false},"author":1,"featured_media":129288,"comment_status":"closed","ping_status":"closed","sticky":false,"template":"","format":"standard","meta":{"sfsi_plus_gutenberg_text_before_share":"","sfsi_plus_gutenberg_show_text_before_share":"","sfsi_plus_gutenberg_icon_type":"","sfsi_plus_gutenberg_icon_alignemt":"","sfsi_plus_gutenburg_max_per_row":"","footnotes":""},"categories":[11],"tags":[],"class_list":["post-132607","post","type-post","status-publish","format-standard","has-post-thumbnail","hentry","category-politica"],"_links":{"self":[{"href":"https:\/\/www.caririemacao.com\/1\/wp-json\/wp\/v2\/posts\/132607","targetHints":{"allow":["GET"]}}],"collection":[{"href":"https:\/\/www.caririemacao.com\/1\/wp-json\/wp\/v2\/posts"}],"about":[{"href":"https:\/\/www.caririemacao.com\/1\/wp-json\/wp\/v2\/types\/post"}],"author":[{"embeddable":true,"href":"https:\/\/www.caririemacao.com\/1\/wp-json\/wp\/v2\/users\/1"}],"replies":[{"embeddable":true,"href":"https:\/\/www.caririemacao.com\/1\/wp-json\/wp\/v2\/comments?post=132607"}],"version-history":[{"count":1,"href":"https:\/\/www.caririemacao.com\/1\/wp-json\/wp\/v2\/posts\/132607\/revisions"}],"predecessor-version":[{"id":132608,"href":"https:\/\/www.caririemacao.com\/1\/wp-json\/wp\/v2\/posts\/132607\/revisions\/132608"}],"wp:featuredmedia":[{"embeddable":true,"href":"https:\/\/www.caririemacao.com\/1\/wp-json\/wp\/v2\/media\/129288"}],"wp:attachment":[{"href":"https:\/\/www.caririemacao.com\/1\/wp-json\/wp\/v2\/media?parent=132607"}],"wp:term":[{"taxonomy":"category","embeddable":true,"href":"https:\/\/www.caririemacao.com\/1\/wp-json\/wp\/v2\/categories?post=132607"},{"taxonomy":"post_tag","embeddable":true,"href":"https:\/\/www.caririemacao.com\/1\/wp-json\/wp\/v2\/tags?post=132607"}],"curies":[{"name":"wp","href":"https:\/\/api.w.org\/{rel}","templated":true}]}}