{"id":132623,"date":"2019-11-05T11:31:25","date_gmt":"2019-11-05T14:31:25","guid":{"rendered":"http:\/\/www.caririemacao.com\/1\/?p=132623"},"modified":"2019-11-05T11:31:25","modified_gmt":"2019-11-05T14:31:25","slug":"cec-educacional-abre-matriculas-para-bercario-e-escolinha-infantil","status":"publish","type":"post","link":"https:\/\/www.caririemacao.com\/1\/2019\/11\/05\/cec-educacional-abre-matriculas-para-bercario-e-escolinha-infantil\/","title":{"rendered":"CEC EDUCACIONAL abre matr\u00edculas para ber\u00e7\u00e1rio e escolinha infantil"},"content":{"rendered":"\n<p>O CEC EDUCACIONAL, maior institui\u00e7\u00e3o de ensino de todo o Cariri e de grande parte do interior de Pernambuco, est\u00e1 com uma grande novidade para voc\u00eas, papais e mam\u00e3es.<br>Sabemos que voc\u00ea, mam\u00e3e e papai se preocupam muito com a educa\u00e7\u00e3o e o bem-estar do seu filho.<br>Pensando nisso, estamos preparando um ber\u00e7\u00e1rio e a escolinha infantil com muito amor e profissionalismo, para oferecer um ensino com toda a qualidade que o CEC tem.<br>E as matr\u00edculas j\u00e1 est\u00e3o abertas.<br>Venha conhecer a estrutura e os novos projetos do CEC EDUCACIONAL, \u201cA escola que eu quero estudar desde pequenininho\u201d.<br>\u201cA nossa escola tem compromisso em educar e formar cidad\u00e3os. Venha conhecer a nossa escola, equipe e proposta pedag\u00f3gica e fazer parte de nossa equipe. Em 2020 temos muitas novidades\u201d, convidou o diretor da escola Professor C\u00edcero Roberto.Maiores informa\u00e7\u00f5es pelo telefone e zap: &#x1f4de;&#x260e;WhatsApp (83) 99657- 0411.<br>F\u00c1BIO BRITO<\/p>\n","protected":false},"excerpt":{"rendered":"<p>O CEC EDUCACIONAL, maior institui\u00e7\u00e3o de ensino de todo o Cariri e de grande parte do interior de Pernambuco, est\u00e1 com uma grande novidade para&hellip; <\/p>\n","protected":false},"author":1,"featured_media":132624,"comment_status":"closed","ping_status":"closed","sticky":false,"template":"","format":"standard","meta":{"sfsi_plus_gutenberg_text_before_share":"","sfsi_plus_gutenberg_show_text_before_share":"","sfsi_plus_gutenberg_icon_type":"","sfsi_plus_gutenberg_icon_alignemt":"","sfsi_plus_gutenburg_max_per_row":"","footnotes":""},"categories":[2],"tags":[],"class_list":["post-132623","post","type-post","status-publish","format-standard","has-post-thumbnail","hentry","category-geral"],"_links":{"self":[{"href":"https:\/\/www.caririemacao.com\/1\/wp-json\/wp\/v2\/posts\/132623","targetHints":{"allow":["GET"]}}],"collection":[{"href":"https:\/\/www.caririemacao.com\/1\/wp-json\/wp\/v2\/posts"}],"about":[{"href":"https:\/\/www.caririemacao.com\/1\/wp-json\/wp\/v2\/types\/post"}],"author":[{"embeddable":true,"href":"https:\/\/www.caririemacao.com\/1\/wp-json\/wp\/v2\/users\/1"}],"replies":[{"embeddable":true,"href":"https:\/\/www.caririemacao.com\/1\/wp-json\/wp\/v2\/comments?post=132623"}],"version-history":[{"count":1,"href":"https:\/\/www.caririemacao.com\/1\/wp-json\/wp\/v2\/posts\/132623\/revisions"}],"predecessor-version":[{"id":132625,"href":"https:\/\/www.caririemacao.com\/1\/wp-json\/wp\/v2\/posts\/132623\/revisions\/132625"}],"wp:featuredmedia":[{"embeddable":true,"href":"https:\/\/www.caririemacao.com\/1\/wp-json\/wp\/v2\/media\/132624"}],"wp:attachment":[{"href":"https:\/\/www.caririemacao.com\/1\/wp-json\/wp\/v2\/media?parent=132623"}],"wp:term":[{"taxonomy":"category","embeddable":true,"href":"https:\/\/www.caririemacao.com\/1\/wp-json\/wp\/v2\/categories?post=132623"},{"taxonomy":"post_tag","embeddable":true,"href":"https:\/\/www.caririemacao.com\/1\/wp-json\/wp\/v2\/tags?post=132623"}],"curies":[{"name":"wp","href":"https:\/\/api.w.org\/{rel}","templated":true}]}}