{"id":132637,"date":"2019-11-05T13:22:58","date_gmt":"2019-11-05T16:22:58","guid":{"rendered":"http:\/\/www.caririemacao.com\/1\/?p=132637"},"modified":"2019-11-05T13:22:58","modified_gmt":"2019-11-05T16:22:58","slug":"800-alunos-participam-das-provas-do-saeb-em-monteiro","status":"publish","type":"post","link":"https:\/\/www.caririemacao.com\/1\/2019\/11\/05\/800-alunos-participam-das-provas-do-saeb-em-monteiro\/","title":{"rendered":"800 alunos participam das provas do SAEB em Monteiro"},"content":{"rendered":"\n<p>Alunos da Rede Municipal de Ensino terminam provas do Sistema de Avalia\u00e7\u00e3o da Educa\u00e7\u00e3o B\u00e1sica (SAEB). Engajados durante todo um ano, professores e gestores escolares se prepararam para esta que \u00e9 a maior avalia\u00e7\u00e3o do ensino Fundamental do pa\u00eds.<\/p>\n\n\n\n<p>Nas semanas que antecederam a avalia\u00e7\u00e3o, as equipes da secretaria de Educa\u00e7\u00e3o Municipal preparou e realizou diversos aul\u00f5es e com alunos do 5\u00ba e 9\u00ba anos do Ensino Fundamental. Cerca de 450 alunos do 5\u00ba ano e 375 do 9\u00ba participaram e puderam descontrair, relaxar e revisar o conte\u00fado proposto para a prova.<\/p>\n\n\n\n<p>Os aul\u00f5es tiveram como foco principal a revis\u00e3o dos conte\u00fados de portugu\u00eas e matem\u00e1tica, uma vez que o objetivo do SAEB \u00e9 aferir os n\u00edveis de alfabetiza\u00e7\u00e3o e letramento em L\u00edngua Portuguesa (leitura e escrita) e Matem\u00e1tica.<\/p>\n\n\n\n<p>A meta, conforme elenca Ana Lima, foi a revis\u00e3o de conte\u00fados trabalhados desde o in\u00edcio do ano letivo, atrav\u00e9s de uma forma diferente que incentivou os alunos a estudarem, dedicarem-se e sentirem-se entusiasmados para a avalia\u00e7\u00e3o.<\/p>\n\n\n\n<p>Nos dias das provas, em cada escola foi preparada uma recep\u00e7\u00e3o. \u201cFizemos tudo com todo carinho para nossos alunos e a certeza de que fizeram uma \u00f3tima prova. Para esta avalia\u00e7\u00e3o houve muita dedica\u00e7\u00e3o e muito estudo. Parabenizamos a agradecemos a todos os envolvidos\u201d, comentou Ana Lima, secret\u00e1ria da pasta.<\/p>\n\n\n\n<p>\u201cSendo assim, consideramos que nossos objetivos foram alcan\u00e7ados. Estudamos, refletimos, analisamos. Os alunos tomaram para si a mensagem de que s\u00e3o capazes de tudo se estudarem e se dedicarem, visto que est\u00e3o todos bastante preocupados com essa avalia\u00e7\u00e3o externa. Todos devem acreditar no seu potencial e dar o seu melhor a cada dia. Dessa forma, aguardamos a Prova SAEB e os posteriores resultados\u201d, conclui Ana Lima.<\/p>\n\n\n\n<p>O Sistema de Avalia\u00e7\u00e3o da Educa\u00e7\u00e3o B\u00e1sica (Saeb) \u00e9 composto por um conjunto de avalia\u00e7\u00f5es externas em larga escala que permitem ao Inep realizar um diagn\u00f3stico da educa\u00e7\u00e3o b\u00e1sica brasileira e de alguns fatores que possam interferir no desempenho do estudante, fornecendo um indicativo sobre a qualidade do ensino ofertado.<\/p>\n","protected":false},"excerpt":{"rendered":"<p>Alunos da Rede Municipal de Ensino terminam provas do Sistema de Avalia\u00e7\u00e3o da Educa\u00e7\u00e3o B\u00e1sica (SAEB). Engajados durante todo um ano, professores e gestores escolares&hellip; <\/p>\n","protected":false},"author":1,"featured_media":132638,"comment_status":"closed","ping_status":"closed","sticky":false,"template":"","format":"standard","meta":{"sfsi_plus_gutenberg_text_before_share":"","sfsi_plus_gutenberg_show_text_before_share":"","sfsi_plus_gutenberg_icon_type":"","sfsi_plus_gutenberg_icon_alignemt":"","sfsi_plus_gutenburg_max_per_row":"","footnotes":""},"categories":[6,50],"tags":[],"class_list":["post-132637","post","type-post","status-publish","format-standard","has-post-thumbnail","hentry","category-cidades","category-destaque"],"_links":{"self":[{"href":"https:\/\/www.caririemacao.com\/1\/wp-json\/wp\/v2\/posts\/132637","targetHints":{"allow":["GET"]}}],"collection":[{"href":"https:\/\/www.caririemacao.com\/1\/wp-json\/wp\/v2\/posts"}],"about":[{"href":"https:\/\/www.caririemacao.com\/1\/wp-json\/wp\/v2\/types\/post"}],"author":[{"embeddable":true,"href":"https:\/\/www.caririemacao.com\/1\/wp-json\/wp\/v2\/users\/1"}],"replies":[{"embeddable":true,"href":"https:\/\/www.caririemacao.com\/1\/wp-json\/wp\/v2\/comments?post=132637"}],"version-history":[{"count":1,"href":"https:\/\/www.caririemacao.com\/1\/wp-json\/wp\/v2\/posts\/132637\/revisions"}],"predecessor-version":[{"id":132639,"href":"https:\/\/www.caririemacao.com\/1\/wp-json\/wp\/v2\/posts\/132637\/revisions\/132639"}],"wp:featuredmedia":[{"embeddable":true,"href":"https:\/\/www.caririemacao.com\/1\/wp-json\/wp\/v2\/media\/132638"}],"wp:attachment":[{"href":"https:\/\/www.caririemacao.com\/1\/wp-json\/wp\/v2\/media?parent=132637"}],"wp:term":[{"taxonomy":"category","embeddable":true,"href":"https:\/\/www.caririemacao.com\/1\/wp-json\/wp\/v2\/categories?post=132637"},{"taxonomy":"post_tag","embeddable":true,"href":"https:\/\/www.caririemacao.com\/1\/wp-json\/wp\/v2\/tags?post=132637"}],"curies":[{"name":"wp","href":"https:\/\/api.w.org\/{rel}","templated":true}]}}