{"id":132645,"date":"2019-11-05T13:24:22","date_gmt":"2019-11-05T16:24:22","guid":{"rendered":"http:\/\/www.caririemacao.com\/1\/?p=132645"},"modified":"2019-11-05T13:24:22","modified_gmt":"2019-11-05T16:24:22","slug":"prefeitura-de-prata-lanca-programa-de-limpeza-e-recuperacao-de-pequenos-barreiros","status":"publish","type":"post","link":"https:\/\/www.caririemacao.com\/1\/2019\/11\/05\/prefeitura-de-prata-lanca-programa-de-limpeza-e-recuperacao-de-pequenos-barreiros\/","title":{"rendered":"Prefeitura de Prata lan\u00e7a programa de limpeza e recupera\u00e7\u00e3o de pequenos barreiros"},"content":{"rendered":"\n<p>A prefeitura Municipal de Prata atrav\u00e9s da secret\u00e1ria de Agricultura deu in\u00edcio \u00e0 programa\u00e7\u00e3o de recupera\u00e7\u00e3o e limpeza de pequenos barreiros na zona rural do munic\u00edpio.<br>O programa deu in\u00edcio na comunidade do Gabriel e ir\u00e1 se estender por toda zona rural.<br>O vice prefeito Juci esteve fazendo o acompanhamento juntamente com vereador Pedro Estev\u00e3o e o secret\u00e1rio Genivaldo Temb\u00f3rio.<br>O Prefeito J\u00fanior N\u00f3brega falou que desde o in\u00edcio de sua gest\u00e3o, que vem mantendo o programa, para que os produtores possam fazer mais armazenamento de \u00e1gua nas suas propriedades.<br><strong>Com PORTALCARIRIPB<\/strong><\/p>\n","protected":false},"excerpt":{"rendered":"<p>A prefeitura Municipal de Prata atrav\u00e9s da secret\u00e1ria de Agricultura deu in\u00edcio \u00e0 programa\u00e7\u00e3o de recupera\u00e7\u00e3o e limpeza de pequenos barreiros na zona rural do&hellip; <\/p>\n","protected":false},"author":1,"featured_media":132646,"comment_status":"closed","ping_status":"closed","sticky":false,"template":"","format":"standard","meta":{"sfsi_plus_gutenberg_text_before_share":"","sfsi_plus_gutenberg_show_text_before_share":"","sfsi_plus_gutenberg_icon_type":"","sfsi_plus_gutenberg_icon_alignemt":"","sfsi_plus_gutenburg_max_per_row":"","footnotes":""},"categories":[6],"tags":[],"class_list":["post-132645","post","type-post","status-publish","format-standard","has-post-thumbnail","hentry","category-cidades"],"_links":{"self":[{"href":"https:\/\/www.caririemacao.com\/1\/wp-json\/wp\/v2\/posts\/132645","targetHints":{"allow":["GET"]}}],"collection":[{"href":"https:\/\/www.caririemacao.com\/1\/wp-json\/wp\/v2\/posts"}],"about":[{"href":"https:\/\/www.caririemacao.com\/1\/wp-json\/wp\/v2\/types\/post"}],"author":[{"embeddable":true,"href":"https:\/\/www.caririemacao.com\/1\/wp-json\/wp\/v2\/users\/1"}],"replies":[{"embeddable":true,"href":"https:\/\/www.caririemacao.com\/1\/wp-json\/wp\/v2\/comments?post=132645"}],"version-history":[{"count":1,"href":"https:\/\/www.caririemacao.com\/1\/wp-json\/wp\/v2\/posts\/132645\/revisions"}],"predecessor-version":[{"id":132647,"href":"https:\/\/www.caririemacao.com\/1\/wp-json\/wp\/v2\/posts\/132645\/revisions\/132647"}],"wp:featuredmedia":[{"embeddable":true,"href":"https:\/\/www.caririemacao.com\/1\/wp-json\/wp\/v2\/media\/132646"}],"wp:attachment":[{"href":"https:\/\/www.caririemacao.com\/1\/wp-json\/wp\/v2\/media?parent=132645"}],"wp:term":[{"taxonomy":"category","embeddable":true,"href":"https:\/\/www.caririemacao.com\/1\/wp-json\/wp\/v2\/categories?post=132645"},{"taxonomy":"post_tag","embeddable":true,"href":"https:\/\/www.caririemacao.com\/1\/wp-json\/wp\/v2\/tags?post=132645"}],"curies":[{"name":"wp","href":"https:\/\/api.w.org\/{rel}","templated":true}]}}