{"id":132668,"date":"2019-11-05T13:29:59","date_gmt":"2019-11-05T16:29:59","guid":{"rendered":"http:\/\/www.caririemacao.com\/1\/?p=132668"},"modified":"2019-11-05T13:29:59","modified_gmt":"2019-11-05T16:29:59","slug":"seja-heroi-da-sua-saude-novembro-azul-traz-atendimentos-e-palestras-em-monteiro","status":"publish","type":"post","link":"https:\/\/www.caririemacao.com\/1\/2019\/11\/05\/seja-heroi-da-sua-saude-novembro-azul-traz-atendimentos-e-palestras-em-monteiro\/","title":{"rendered":"\u201cSeja her\u00f3i da sua sa\u00fade\u201d: Novembro azul traz atendimentos e palestras em Monteiro"},"content":{"rendered":"\n<p>A cada dia 42 homens morrem em decorr\u00eancia do c\u00e2ncer de pr\u00f3stata e aproximadamente 3 milh\u00f5es vivem com a doen\u00e7a, sendo essa, a segunda maior causa de morte por c\u00e2ncer em homens no Brasil. S\u00e3o estimados para este ano 68.220 novos casos, segundo o Instituto Nacional do C\u00e2ncer (Inca).Frente a essa realidade, a Secretaria de Sa\u00fade de Monteiro inicia mais uma edi\u00e7\u00e3o da campanha Novembro Azul, que chama a aten\u00e7\u00e3o para o diagn\u00f3stico precoce do c\u00e2ncer de pr\u00f3stata e tamb\u00e9m para a sa\u00fade do homem de forma global.Com o tema \u201cSeja her\u00f3i da sua sa\u00fade\u201d, o Novembro Azul de Monteiro conta com uma programa\u00e7\u00e3o dedicada integralmente \u00e0 campanha atrav\u00e9s da Central de Especialidades M\u00e9dicas \u2013 CEMED, confira:Dia 07 \u2013 Atendimento e palestra com o urologista Dr. Eugenio;<br>Dia 16 \u2013 A\u00e7\u00f5es voltadas ao homem na Feira do Gado<br>Dia 21 \u2013 Atendimento e palestra com Urologista Dr. Tales.A secret\u00e1ria da pasta, Paula Oliveira, ainda informa que ser\u00e3o disponibilizados 500 exames de PSA, que \u00e9 um dos principais testes necess\u00e1rios para o diagn\u00f3stico precoce do c\u00e2ncer de pr\u00f3stata. \u201cPara detectar precocemente casos de c\u00e2ncer de pr\u00f3stata e outras condi\u00e7\u00f5es, como a hiperplasia prost\u00e1tica benigna e a prostatite, o PSA \u00e9 solicitado no in\u00edcio das investiga\u00e7\u00f5es m\u00e9dicas. Outros exames complementam o diagn\u00f3stico, como o toque retal, t\u00e3o importante quanto aos demais exames e deve ser feito a partir dos 45 anos\u201d, explica.<br><\/p>\n","protected":false},"excerpt":{"rendered":"<p>A cada dia 42 homens morrem em decorr\u00eancia do c\u00e2ncer de pr\u00f3stata e aproximadamente 3 milh\u00f5es vivem com a doen\u00e7a, sendo essa, a segunda maior&hellip; <\/p>\n","protected":false},"author":1,"featured_media":70475,"comment_status":"closed","ping_status":"closed","sticky":false,"template":"","format":"standard","meta":{"sfsi_plus_gutenberg_text_before_share":"","sfsi_plus_gutenberg_show_text_before_share":"","sfsi_plus_gutenberg_icon_type":"","sfsi_plus_gutenberg_icon_alignemt":"","sfsi_plus_gutenburg_max_per_row":"","footnotes":""},"categories":[2],"tags":[],"class_list":["post-132668","post","type-post","status-publish","format-standard","has-post-thumbnail","hentry","category-geral"],"_links":{"self":[{"href":"https:\/\/www.caririemacao.com\/1\/wp-json\/wp\/v2\/posts\/132668","targetHints":{"allow":["GET"]}}],"collection":[{"href":"https:\/\/www.caririemacao.com\/1\/wp-json\/wp\/v2\/posts"}],"about":[{"href":"https:\/\/www.caririemacao.com\/1\/wp-json\/wp\/v2\/types\/post"}],"author":[{"embeddable":true,"href":"https:\/\/www.caririemacao.com\/1\/wp-json\/wp\/v2\/users\/1"}],"replies":[{"embeddable":true,"href":"https:\/\/www.caririemacao.com\/1\/wp-json\/wp\/v2\/comments?post=132668"}],"version-history":[{"count":1,"href":"https:\/\/www.caririemacao.com\/1\/wp-json\/wp\/v2\/posts\/132668\/revisions"}],"predecessor-version":[{"id":132670,"href":"https:\/\/www.caririemacao.com\/1\/wp-json\/wp\/v2\/posts\/132668\/revisions\/132670"}],"wp:featuredmedia":[{"embeddable":true,"href":"https:\/\/www.caririemacao.com\/1\/wp-json\/wp\/v2\/media\/70475"}],"wp:attachment":[{"href":"https:\/\/www.caririemacao.com\/1\/wp-json\/wp\/v2\/media?parent=132668"}],"wp:term":[{"taxonomy":"category","embeddable":true,"href":"https:\/\/www.caririemacao.com\/1\/wp-json\/wp\/v2\/categories?post=132668"},{"taxonomy":"post_tag","embeddable":true,"href":"https:\/\/www.caririemacao.com\/1\/wp-json\/wp\/v2\/tags?post=132668"}],"curies":[{"name":"wp","href":"https:\/\/api.w.org\/{rel}","templated":true}]}}