{"id":132692,"date":"2019-11-05T13:50:55","date_gmt":"2019-11-05T16:50:55","guid":{"rendered":"http:\/\/www.caririemacao.com\/1\/?p=132692"},"modified":"2019-11-05T13:50:55","modified_gmt":"2019-11-05T16:50:55","slug":"manchas-de-oleo-sao-encontradas-por-banhistas-em-praia-de-joao-pessoa-confira-imagens","status":"publish","type":"post","link":"https:\/\/www.caririemacao.com\/1\/2019\/11\/05\/manchas-de-oleo-sao-encontradas-por-banhistas-em-praia-de-joao-pessoa-confira-imagens\/","title":{"rendered":"Manchas de \u00f3leo s\u00e3o encontradas por banhistas em praia de Jo\u00e3o Pessoa; confira imagens"},"content":{"rendered":"\n<p>Manchas de \u00f3leo foram encontradas por banhistas, nesta ter\u00e7a-feira (5), na Praia do Bessa, em Jo\u00e3o Pessoa. O petr\u00f3leo cru foi encontrado na areia do ponto conhecido como Caribessa.<\/p>\n\n\n\n<p>De acordo com as informa\u00e7\u00f5es, at\u00e9 o momento apenas pequenas manchas de \u00f3leo foram registradas. O petr\u00f3leo teria aparecido nas primeiras horas da manh\u00e3 desta ter\u00e7a.<\/p>\n\n\n\n<p>Banhistas que estavam na regi\u00e3o perceberam as manchas e resolveram tirar fotografias para denunciar o caso. As palmas dos p\u00e9s de algumas pessoas chegaram a ficar pretas ap\u00f3s pisar no local.<\/p>\n\n\n\n<p>Informa\u00e7\u00f5es iniciais apontam que o \u00f3leo encontrado na praia do Caribessa seria resqu\u00edcio do que j\u00e1 havia atingido o litoral da Para\u00edba. O material teria voltado \u00e0 praia de Jo\u00e3o Pessoa devido \u00e0 mar\u00e9.<\/p>\n\n\n\n<p><strong>Confira imagens:<\/strong><\/p>\n\n\n\n<div class=\"wp-block-image\"><figure class=\"aligncenter\"><img decoding=\"async\" data-src=\"https:\/\/paraibaja.com.br\/wp-content\/uploads\/2019\/11\/oleo_-_praia_do_bessa_2-300x169.jpg\" alt=\"\" class=\"wp-image-162489 lazyload\" src=\"data:image\/svg+xml;base64,PHN2ZyB3aWR0aD0iMSIgaGVpZ2h0PSIxIiB4bWxucz0iaHR0cDovL3d3dy53My5vcmcvMjAwMC9zdmciPjwvc3ZnPg==\" style=\"--smush-placeholder-width: 300px; --smush-placeholder-aspect-ratio: 300\/169;\" \/><\/figure><\/div>\n\n\n\n<div class=\"wp-block-image\"><figure class=\"aligncenter\"><img decoding=\"async\" data-src=\"https:\/\/paraibaja.com.br\/wp-content\/uploads\/2019\/11\/oleo_-_praia_do_bessa_3-300x169.jpg\" alt=\"\" class=\"wp-image-162488 lazyload\" src=\"data:image\/svg+xml;base64,PHN2ZyB3aWR0aD0iMSIgaGVpZ2h0PSIxIiB4bWxucz0iaHR0cDovL3d3dy53My5vcmcvMjAwMC9zdmciPjwvc3ZnPg==\" style=\"--smush-placeholder-width: 300px; --smush-placeholder-aspect-ratio: 300\/169;\" \/><\/figure><\/div>\n","protected":false},"excerpt":{"rendered":"<p>Manchas de \u00f3leo foram encontradas por banhistas, nesta ter\u00e7a-feira (5), na Praia do Bessa, em Jo\u00e3o Pessoa. O petr\u00f3leo cru foi encontrado na areia do&hellip; <\/p>\n","protected":false},"author":1,"featured_media":132696,"comment_status":"closed","ping_status":"closed","sticky":false,"template":"","format":"standard","meta":{"sfsi_plus_gutenberg_text_before_share":"","sfsi_plus_gutenberg_show_text_before_share":"","sfsi_plus_gutenberg_icon_type":"","sfsi_plus_gutenberg_icon_alignemt":"","sfsi_plus_gutenburg_max_per_row":"","footnotes":""},"categories":[2],"tags":[],"class_list":["post-132692","post","type-post","status-publish","format-standard","has-post-thumbnail","hentry","category-geral"],"_links":{"self":[{"href":"https:\/\/www.caririemacao.com\/1\/wp-json\/wp\/v2\/posts\/132692","targetHints":{"allow":["GET"]}}],"collection":[{"href":"https:\/\/www.caririemacao.com\/1\/wp-json\/wp\/v2\/posts"}],"about":[{"href":"https:\/\/www.caririemacao.com\/1\/wp-json\/wp\/v2\/types\/post"}],"author":[{"embeddable":true,"href":"https:\/\/www.caririemacao.com\/1\/wp-json\/wp\/v2\/users\/1"}],"replies":[{"embeddable":true,"href":"https:\/\/www.caririemacao.com\/1\/wp-json\/wp\/v2\/comments?post=132692"}],"version-history":[{"count":1,"href":"https:\/\/www.caririemacao.com\/1\/wp-json\/wp\/v2\/posts\/132692\/revisions"}],"predecessor-version":[{"id":132697,"href":"https:\/\/www.caririemacao.com\/1\/wp-json\/wp\/v2\/posts\/132692\/revisions\/132697"}],"wp:featuredmedia":[{"embeddable":true,"href":"https:\/\/www.caririemacao.com\/1\/wp-json\/wp\/v2\/media\/132696"}],"wp:attachment":[{"href":"https:\/\/www.caririemacao.com\/1\/wp-json\/wp\/v2\/media?parent=132692"}],"wp:term":[{"taxonomy":"category","embeddable":true,"href":"https:\/\/www.caririemacao.com\/1\/wp-json\/wp\/v2\/categories?post=132692"},{"taxonomy":"post_tag","embeddable":true,"href":"https:\/\/www.caririemacao.com\/1\/wp-json\/wp\/v2\/tags?post=132692"}],"curies":[{"name":"wp","href":"https:\/\/api.w.org\/{rel}","templated":true}]}}