{"id":132702,"date":"2019-11-05T13:53:45","date_gmt":"2019-11-05T16:53:45","guid":{"rendered":"http:\/\/www.caririemacao.com\/1\/?p=132702"},"modified":"2019-11-05T13:53:45","modified_gmt":"2019-11-05T16:53:45","slug":"fachin-autoriza-operacao-da-pf-que-tem-como-mira-paraibano-e-dois-senadores-saiba-quem-sao","status":"publish","type":"post","link":"https:\/\/www.caririemacao.com\/1\/2019\/11\/05\/fachin-autoriza-operacao-da-pf-que-tem-como-mira-paraibano-e-dois-senadores-saiba-quem-sao\/","title":{"rendered":"Fachin autoriza opera\u00e7\u00e3o da PF que tem como mira paraibano e dois senadores, saiba quem s\u00e3o"},"content":{"rendered":"\n<p>A Pol\u00edcia Federal est\u00e1 nas ruas para cumprir uma s\u00e9rie de mandados de busca e apreens\u00e3o e de sequestro de bens autorizados pelo ministro&nbsp;Luiz Edson Fachin, do&nbsp;Supremo Tribunal Federal (STF).<\/p>\n\n\n\n<p>A opera\u00e7\u00e3o mira pessoas com foro privilegiado em raz\u00e3o de uma investiga\u00e7\u00e3o em curso perante o STF.<\/p>\n\n\n\n<p>A opera\u00e7\u00e3o prev\u00ea cumprimento de mandado de busca e apreens\u00e3o e medidas de sequestro de bens&nbsp;contra o&nbsp;ministro do Tribunal de Contas da Uni\u00e3o,o paraibano Vital do R\u00eago Filho, Vitalzinho.<\/p>\n\n\n\n<p>De acordo com a PF, a opera\u00e7\u00e3o ocorre em sigilo e nenhum nome ser\u00e1 divulgado. Mas a revista Veja divulgou nesta manh\u00e3 que a opera\u00e7\u00e3o mira senadores Renan Calheiros e Eduardo Braga.<\/p>\n\n\n\n<p>\u201cAtendendo \u00e0s determina\u00e7\u00f5es do Ministro Luiz Edson Fachin, que assina as ordens judiciais, a Pol\u00edcia Federal informa que n\u00e3o realizar\u00e1 qualquer divulga\u00e7\u00e3o das a\u00e7\u00f5es realizadas desde as primeiras horas da manh\u00e3\u201d, diz nota.<\/p>\n\n\n\n<p>Fonte: Com Ag\u00eancia Senado<\/p>\n","protected":false},"excerpt":{"rendered":"<p>A Pol\u00edcia Federal est\u00e1 nas ruas para cumprir uma s\u00e9rie de mandados de busca e apreens\u00e3o e de sequestro de bens autorizados pelo ministro&nbsp;Luiz Edson&hellip; <\/p>\n","protected":false},"author":1,"featured_media":132704,"comment_status":"closed","ping_status":"closed","sticky":false,"template":"","format":"standard","meta":{"sfsi_plus_gutenberg_text_before_share":"","sfsi_plus_gutenberg_show_text_before_share":"","sfsi_plus_gutenberg_icon_type":"","sfsi_plus_gutenberg_icon_alignemt":"","sfsi_plus_gutenburg_max_per_row":"","footnotes":""},"categories":[11],"tags":[],"class_list":["post-132702","post","type-post","status-publish","format-standard","has-post-thumbnail","hentry","category-politica"],"_links":{"self":[{"href":"https:\/\/www.caririemacao.com\/1\/wp-json\/wp\/v2\/posts\/132702","targetHints":{"allow":["GET"]}}],"collection":[{"href":"https:\/\/www.caririemacao.com\/1\/wp-json\/wp\/v2\/posts"}],"about":[{"href":"https:\/\/www.caririemacao.com\/1\/wp-json\/wp\/v2\/types\/post"}],"author":[{"embeddable":true,"href":"https:\/\/www.caririemacao.com\/1\/wp-json\/wp\/v2\/users\/1"}],"replies":[{"embeddable":true,"href":"https:\/\/www.caririemacao.com\/1\/wp-json\/wp\/v2\/comments?post=132702"}],"version-history":[{"count":1,"href":"https:\/\/www.caririemacao.com\/1\/wp-json\/wp\/v2\/posts\/132702\/revisions"}],"predecessor-version":[{"id":132705,"href":"https:\/\/www.caririemacao.com\/1\/wp-json\/wp\/v2\/posts\/132702\/revisions\/132705"}],"wp:featuredmedia":[{"embeddable":true,"href":"https:\/\/www.caririemacao.com\/1\/wp-json\/wp\/v2\/media\/132704"}],"wp:attachment":[{"href":"https:\/\/www.caririemacao.com\/1\/wp-json\/wp\/v2\/media?parent=132702"}],"wp:term":[{"taxonomy":"category","embeddable":true,"href":"https:\/\/www.caririemacao.com\/1\/wp-json\/wp\/v2\/categories?post=132702"},{"taxonomy":"post_tag","embeddable":true,"href":"https:\/\/www.caririemacao.com\/1\/wp-json\/wp\/v2\/tags?post=132702"}],"curies":[{"name":"wp","href":"https:\/\/api.w.org\/{rel}","templated":true}]}}