{"id":132708,"date":"2019-11-05T14:05:25","date_gmt":"2019-11-05T17:05:25","guid":{"rendered":"http:\/\/www.caririemacao.com\/1\/?p=132708"},"modified":"2019-11-05T14:05:25","modified_gmt":"2019-11-05T17:05:25","slug":"aluisio-campos-bolsonaro-desembarca-na-pb-na-proxima-segunda-feira","status":"publish","type":"post","link":"https:\/\/www.caririemacao.com\/1\/2019\/11\/05\/aluisio-campos-bolsonaro-desembarca-na-pb-na-proxima-segunda-feira\/","title":{"rendered":"Alu\u00edsio Campos: Bolsonaro desembarca na PB na pr\u00f3xima segunda-feira"},"content":{"rendered":"\n<p>O prefeito Romero Rodrigues manteve mais uma reuni\u00e3o com o comando local do Ex\u00e9rcito na tarde desta segunda-feira, 4, tendo como pauta principal a agenda marcada pelo Pal\u00e1cio do Planalto para a vinda do presidente Jair Messias Bolsonaro a Campina Grande, na pr\u00f3xima segunda-feira, 11. Acompanhado de v\u00e1rios auxiliares, Romero atendeu convite do tenente coronel Adriano Ara\u00fajo Bezerra, comandante do 31\u00ba Batalh\u00e3o de Infantaria Motorizado para participar, na sede do corpora\u00e7\u00e3o, de um encontro de trabalho com representantes de v\u00e1rios \u00f3rg\u00e3os de seguran\u00e7a.Durante a reuni\u00e3o, o comandante Adriano Bezerra detalhou o planejamento de seguran\u00e7a padr\u00e3o para uma visita presidencial, j\u00e1 devidamente em sintonia com o Gabinete de Seguran\u00e7a Institucional e o Minist\u00e9rio da Defesa. O encontro durou cerca de duas horas e houve oportunidade para se tirar d\u00favidas e tamb\u00e9m ser feito um cronograma de atividades do grupo de trabalho montado a partir da reuni\u00e3o.<\/p>\n\n\n\n<p>Romero Rodrigues participou da reuni\u00e3o acompanhado dos secret\u00e1rios Bruno Cunha Lima (Chefe de Gabinete), Geraldo Nobre (Sesuma), Teles Alburquerque (Sejel) e Carlos Dunga J\u00fanior (adjunto de Planejamento). Da equipe de auxiliares diretos, presentes tamb\u00e9m os coordenadores Marcos Alfredo (Comunica\u00e7\u00e3o), Rodolfo Emanuel (Guarda Municipal) e Daniel Ara\u00fajo (gerente de Tr\u00e2nsito da STTP).<\/p>\n\n\n\n<p>Representantes da Pol\u00edcia Rodovi\u00e1ria Federal, Pol\u00edcia Federal, Pol\u00edcia Militar, Corpo de Bombeiros, Infraero e outros \u00f3rg\u00e3os ligados ao setor de seguran\u00e7a tamb\u00e9m estiveram presentes na reuni\u00e3o de trabalho. Outras reuni\u00f5es at\u00e9 a v\u00e9spera do evento de inaugura\u00e7\u00e3o do Alu\u00edzio Campos est\u00e3o programadas.<\/p>\n\n\n\n<p>No \u00faltimo dia 27 de setembro, em visita ao conjunto residencial, Romero acompanhou o comandante Adriano Bezerra e equipe numa inspe\u00e7\u00e3o pr\u00e9vias com vistas \u00e0 poss\u00edvel agenda \u2013 j\u00e1 confirmada \u2013 do presidente em Campina Grande.<br><\/p>\n","protected":false},"excerpt":{"rendered":"<p>O prefeito Romero Rodrigues manteve mais uma reuni\u00e3o com o comando local do Ex\u00e9rcito na tarde desta segunda-feira, 4, tendo como pauta principal a agenda&hellip; <\/p>\n","protected":false},"author":1,"featured_media":129288,"comment_status":"closed","ping_status":"closed","sticky":false,"template":"","format":"standard","meta":{"sfsi_plus_gutenberg_text_before_share":"","sfsi_plus_gutenberg_show_text_before_share":"","sfsi_plus_gutenberg_icon_type":"","sfsi_plus_gutenberg_icon_alignemt":"","sfsi_plus_gutenburg_max_per_row":"","footnotes":""},"categories":[11],"tags":[],"class_list":["post-132708","post","type-post","status-publish","format-standard","has-post-thumbnail","hentry","category-politica"],"_links":{"self":[{"href":"https:\/\/www.caririemacao.com\/1\/wp-json\/wp\/v2\/posts\/132708","targetHints":{"allow":["GET"]}}],"collection":[{"href":"https:\/\/www.caririemacao.com\/1\/wp-json\/wp\/v2\/posts"}],"about":[{"href":"https:\/\/www.caririemacao.com\/1\/wp-json\/wp\/v2\/types\/post"}],"author":[{"embeddable":true,"href":"https:\/\/www.caririemacao.com\/1\/wp-json\/wp\/v2\/users\/1"}],"replies":[{"embeddable":true,"href":"https:\/\/www.caririemacao.com\/1\/wp-json\/wp\/v2\/comments?post=132708"}],"version-history":[{"count":1,"href":"https:\/\/www.caririemacao.com\/1\/wp-json\/wp\/v2\/posts\/132708\/revisions"}],"predecessor-version":[{"id":132713,"href":"https:\/\/www.caririemacao.com\/1\/wp-json\/wp\/v2\/posts\/132708\/revisions\/132713"}],"wp:featuredmedia":[{"embeddable":true,"href":"https:\/\/www.caririemacao.com\/1\/wp-json\/wp\/v2\/media\/129288"}],"wp:attachment":[{"href":"https:\/\/www.caririemacao.com\/1\/wp-json\/wp\/v2\/media?parent=132708"}],"wp:term":[{"taxonomy":"category","embeddable":true,"href":"https:\/\/www.caririemacao.com\/1\/wp-json\/wp\/v2\/categories?post=132708"},{"taxonomy":"post_tag","embeddable":true,"href":"https:\/\/www.caririemacao.com\/1\/wp-json\/wp\/v2\/tags?post=132708"}],"curies":[{"name":"wp","href":"https:\/\/api.w.org\/{rel}","templated":true}]}}