{"id":132710,"date":"2019-11-05T13:57:09","date_gmt":"2019-11-05T16:57:09","guid":{"rendered":"http:\/\/www.caririemacao.com\/1\/?p=132710"},"modified":"2019-11-05T13:57:09","modified_gmt":"2019-11-05T16:57:09","slug":"estudantes-recebem-certificacao-dos-cursos-do-pronatec-em-sume","status":"publish","type":"post","link":"https:\/\/www.caririemacao.com\/1\/2019\/11\/05\/estudantes-recebem-certificacao-dos-cursos-do-pronatec-em-sume\/","title":{"rendered":"Estudantes recebem certifica\u00e7\u00e3o dos cursos do Pronatec em Sum\u00e9"},"content":{"rendered":"\n<p>Com o objetivo de capacitar os jovens e ampliar as condi\u00e7\u00f5es para que eles possam ser inseridos no mercado de trabalho, O Governo do Estado da Para\u00edba, em parceria com a Prefeitura Municipal de Sum\u00e9, realizaram nesta segunda-feira (05\/11), no Gin\u00e1sio de Esportes Municipal, a certifica\u00e7\u00e3o dos cursos do M\u00e9dioTec, voltado a alunos que est\u00e3o no ensino m\u00e9dio.<\/p>\n\n\n\n<p>A entrega de certificados aconteceu para 65 alunos de tr\u00eas cursos: T\u00e9cnico em Administra\u00e7\u00e3o, T\u00e9cnico em Contabilidade e T\u00e9cnico em Seguran\u00e7a do Trabalho. Estiveram presentes \u00e0 solenidade: o prefeito \u00c9den Duarte, o vice-prefeito Dr\u00f3, o secret\u00e1rio de Educa\u00e7\u00e3o Odilon Ara\u00fajo, o coordenador pedag\u00f3gico do Pronatec Edson Alves, o coordenador-adjunto Ivan Dias e o gerente regional de ensino, Ary Prata.<\/p>\n\n\n\n<p>Ascom<\/p>\n","protected":false},"excerpt":{"rendered":"<p>Com o objetivo de capacitar os jovens e ampliar as condi\u00e7\u00f5es para que eles possam ser inseridos no mercado de trabalho, O Governo do Estado&hellip; <\/p>\n","protected":false},"author":2,"featured_media":132711,"comment_status":"closed","ping_status":"closed","sticky":false,"template":"","format":"standard","meta":{"sfsi_plus_gutenberg_text_before_share":"","sfsi_plus_gutenberg_show_text_before_share":"","sfsi_plus_gutenberg_icon_type":"","sfsi_plus_gutenberg_icon_alignemt":"","sfsi_plus_gutenburg_max_per_row":"","footnotes":""},"categories":[50,14],"tags":[],"class_list":["post-132710","post","type-post","status-publish","format-standard","has-post-thumbnail","hentry","category-destaque","category-educacao"],"_links":{"self":[{"href":"https:\/\/www.caririemacao.com\/1\/wp-json\/wp\/v2\/posts\/132710","targetHints":{"allow":["GET"]}}],"collection":[{"href":"https:\/\/www.caririemacao.com\/1\/wp-json\/wp\/v2\/posts"}],"about":[{"href":"https:\/\/www.caririemacao.com\/1\/wp-json\/wp\/v2\/types\/post"}],"author":[{"embeddable":true,"href":"https:\/\/www.caririemacao.com\/1\/wp-json\/wp\/v2\/users\/2"}],"replies":[{"embeddable":true,"href":"https:\/\/www.caririemacao.com\/1\/wp-json\/wp\/v2\/comments?post=132710"}],"version-history":[{"count":1,"href":"https:\/\/www.caririemacao.com\/1\/wp-json\/wp\/v2\/posts\/132710\/revisions"}],"predecessor-version":[{"id":132712,"href":"https:\/\/www.caririemacao.com\/1\/wp-json\/wp\/v2\/posts\/132710\/revisions\/132712"}],"wp:featuredmedia":[{"embeddable":true,"href":"https:\/\/www.caririemacao.com\/1\/wp-json\/wp\/v2\/media\/132711"}],"wp:attachment":[{"href":"https:\/\/www.caririemacao.com\/1\/wp-json\/wp\/v2\/media?parent=132710"}],"wp:term":[{"taxonomy":"category","embeddable":true,"href":"https:\/\/www.caririemacao.com\/1\/wp-json\/wp\/v2\/categories?post=132710"},{"taxonomy":"post_tag","embeddable":true,"href":"https:\/\/www.caririemacao.com\/1\/wp-json\/wp\/v2\/tags?post=132710"}],"curies":[{"name":"wp","href":"https:\/\/api.w.org\/{rel}","templated":true}]}}