{"id":132719,"date":"2019-11-05T15:39:33","date_gmt":"2019-11-05T18:39:33","guid":{"rendered":"http:\/\/www.caririemacao.com\/1\/?p=132719"},"modified":"2019-11-05T15:39:33","modified_gmt":"2019-11-05T18:39:33","slug":"bolsonaro-quer-extinguir-municipios-com-menos-de-5000-habitantes","status":"publish","type":"post","link":"https:\/\/www.caririemacao.com\/1\/2019\/11\/05\/bolsonaro-quer-extinguir-municipios-com-menos-de-5000-habitantes\/","title":{"rendered":"Bolsonaro quer extinguir munic\u00edpios com menos de 5000 habitantes"},"content":{"rendered":"\n<p>\u00c0s v\u00e9speras de um ano eleitoral, o governo Jair Bolsonaro (PSL) prop\u00f5e fundir munic\u00edpios pequenos e que t\u00eam baixa arrecada\u00e7\u00e3o e restringir a cria\u00e7\u00e3o de novas prefeituras. A proposta consta na PEC (Proposta de Emenda \u00e0 Constitui\u00e7\u00e3o) do Pacto Federativo, entregue nesta ter\u00e7a-feira (5) ao Congresso Nacional.<\/p>\n\n\n\n<p>O projeto, elaborado pelo Minist\u00e9rio da Economia, sugere que munic\u00edpios com menos de 5.000 habitantes e arrecada\u00e7\u00e3o pr\u00f3pria menor do que 10% da receita total sejam incorporados por munic\u00edpios vizinhos. A justificativa \u00e9 de que essa medida promover\u00e1 o fortalecimento da federa\u00e7\u00e3o e maior autonomia para gest\u00e3o de recursos.<\/p>\n\n\n\n<p>Atualmente, o Brasil tem 5.570 munic\u00edpios, segundo o IBGE (Instituto Brasileiro de Geografia e Estat\u00edstica).<\/p>\n\n\n\n<p>Al\u00e9m disso, a proposta prev\u00ea que todos os entes da federa\u00e7\u00e3o fa\u00e7am congelamento de despesas para todos os poderes, assim como ocorre com a Uni\u00e3o. A proposta ainda prev\u00ea que a Lei de Responsabilidade Fiscal, o teto de gastos e a regra de ouro valer\u00e3o para os demais entes da federa\u00e7\u00e3o.<\/p>\n\n\n\n<p>A PEC tamb\u00e9m acaba com a Lei Kandir. Com o repasse de royalties e parti\u00e7\u00e3o especial do petr\u00f3leo, Uni\u00e3o e estados encerrar\u00e3o a disputa judicial, afirmou o governo. Tamb\u00e9m fica proibido o uso de fundos de pens\u00e3o e dep\u00f3sitos judiciais de a\u00e7\u00f5es entre particulares para despesas de estados e munic\u00edpios.<\/p>\n\n\n\n<p><em>Com Portal Uol<\/em><\/p>\n","protected":false},"excerpt":{"rendered":"<p>\u00c0s v\u00e9speras de um ano eleitoral, o governo Jair Bolsonaro (PSL) prop\u00f5e fundir munic\u00edpios pequenos e que t\u00eam baixa arrecada\u00e7\u00e3o e restringir a cria\u00e7\u00e3o de&hellip; <\/p>\n","protected":false},"author":1,"featured_media":129640,"comment_status":"closed","ping_status":"closed","sticky":false,"template":"","format":"standard","meta":{"sfsi_plus_gutenberg_text_before_share":"","sfsi_plus_gutenberg_show_text_before_share":"","sfsi_plus_gutenberg_icon_type":"","sfsi_plus_gutenberg_icon_alignemt":"","sfsi_plus_gutenburg_max_per_row":"","footnotes":""},"categories":[6,50],"tags":[],"class_list":["post-132719","post","type-post","status-publish","format-standard","has-post-thumbnail","hentry","category-cidades","category-destaque"],"_links":{"self":[{"href":"https:\/\/www.caririemacao.com\/1\/wp-json\/wp\/v2\/posts\/132719","targetHints":{"allow":["GET"]}}],"collection":[{"href":"https:\/\/www.caririemacao.com\/1\/wp-json\/wp\/v2\/posts"}],"about":[{"href":"https:\/\/www.caririemacao.com\/1\/wp-json\/wp\/v2\/types\/post"}],"author":[{"embeddable":true,"href":"https:\/\/www.caririemacao.com\/1\/wp-json\/wp\/v2\/users\/1"}],"replies":[{"embeddable":true,"href":"https:\/\/www.caririemacao.com\/1\/wp-json\/wp\/v2\/comments?post=132719"}],"version-history":[{"count":1,"href":"https:\/\/www.caririemacao.com\/1\/wp-json\/wp\/v2\/posts\/132719\/revisions"}],"predecessor-version":[{"id":132721,"href":"https:\/\/www.caririemacao.com\/1\/wp-json\/wp\/v2\/posts\/132719\/revisions\/132721"}],"wp:featuredmedia":[{"embeddable":true,"href":"https:\/\/www.caririemacao.com\/1\/wp-json\/wp\/v2\/media\/129640"}],"wp:attachment":[{"href":"https:\/\/www.caririemacao.com\/1\/wp-json\/wp\/v2\/media?parent=132719"}],"wp:term":[{"taxonomy":"category","embeddable":true,"href":"https:\/\/www.caririemacao.com\/1\/wp-json\/wp\/v2\/categories?post=132719"},{"taxonomy":"post_tag","embeddable":true,"href":"https:\/\/www.caririemacao.com\/1\/wp-json\/wp\/v2\/tags?post=132719"}],"curies":[{"name":"wp","href":"https:\/\/api.w.org\/{rel}","templated":true}]}}