{"id":132728,"date":"2019-11-05T16:09:31","date_gmt":"2019-11-05T19:09:31","guid":{"rendered":"http:\/\/www.caririemacao.com\/1\/?p=132728"},"modified":"2019-11-05T16:09:31","modified_gmt":"2019-11-05T19:09:31","slug":"cerca-de-24-mil-escolas-publicas-do-pais-vao-receber-internet","status":"publish","type":"post","link":"https:\/\/www.caririemacao.com\/1\/2019\/11\/05\/cerca-de-24-mil-escolas-publicas-do-pais-vao-receber-internet\/","title":{"rendered":"Cerca de 24 mil escolas p\u00fablicas do pa\u00eds v\u00e3o receber internet"},"content":{"rendered":"\n<p>O Minist\u00e9rio da Educa\u00e7\u00e3o (MEC) levar\u00e1 internet a 24,5 mil escolas p\u00fablicas urbanas pelo programa Educa\u00e7\u00e3o Conectada. De acordo com a pasta, isso significa que 56% das escolas p\u00fablicas passar\u00e3o a estar conectadas no pa\u00eds. A medida dever\u00e1 beneficiar 11,6 milh\u00f5es de estudantes.<\/p>\n\n\n\n<p>Para viabilizar o programa, a pasta repassar\u00e1 R$ 82,6 milh\u00f5es. Esse dinheiro chegar\u00e1 por meio do Programa Dinheiro Direto na Escola (PDDE), administrado pelo Fundo Nacional de Desenvolvimento da Educa\u00e7\u00e3o (FNDE). A expectativa, de acordo com o ministro da Educa\u00e7\u00e3o, Abraham Weintraub, \u00e9 que as escolas j\u00e1 tenham acesso \u00e0 internet no primeiro semestre de 2020.<\/p>\n\n\n\n<p>\u201cO ensino hoje no mundo sem estar conectado \u00e0 internet \u00e9 um absurdo\u201d, disse Weintraub. Al\u00e9m de repassar recursos para conectar novas escolas, a pasta repassar\u00e1 tamb\u00e9m R$ 32 milh\u00f5es para a manuten\u00e7\u00e3o do programa em 9,9 mil escolas j\u00e1 atendidas.<\/p>\n\n\n\n<p>O objetivo do programa, de acordo com o secret\u00e1rio de Educa\u00e7\u00e3o B\u00e1sica do MEC, Janio Macedo, \u00e9 \u201ctornar a educa\u00e7\u00e3o mais atrativa tanto para o ensino fundamental quanto para o m\u00e9dio, colaborando dessa forma para reduzir a evas\u00e3o dos nossos alunos e por via de consequ\u00eancia, a melhoria no nosso ensino e aprendizagem dos alunos\u201d.<\/p>\n\n\n\n<p>O acesso \u00e0 internet possibilitar\u00e1, segundo a pasta, a forma\u00e7\u00e3o de professores por meio do ambiente virtual de aprendizagem do MEC, chamado de Avamec. Em 2019, mais de 100 mil docentes conclu\u00edram cursos pela plataforma.<\/p>\n\n\n\n<p>A previs\u00e3o do MEC \u00e9 que cerca de 9,7 mil escolas sejam beneficiadas em 1,4 mil munic\u00edpios na Regi\u00e3o Sudeste; 7 mil escolas em 1,5 mil munic\u00edpios na Regi\u00e3o Nordeste; 1,7 mil escolas em 257 munic\u00edpios na Regi\u00e3o Norte; 1,8 mil escolas em 319 munic\u00edpios na Regi\u00e3o Centro-Oeste; e 4,2 mil escolas em 1 mil munic\u00edpios da Regi\u00e3o Sul.<\/p>\n\n\n\n<p>Segundo Weintraub, a menor quantidade de escolas a serem atendidas na Regi\u00e3o Norte deve-se \u00e0 dificuldade de acesso por terra. As escolas na regi\u00e3o s\u00e3o mais beneficiadas por internet via sat\u00e9lite, que n\u00e3o \u00e9 o foco do programa.<\/p>\n\n\n\n<p><strong>Ades\u00e3o<\/strong><\/p>\n\n\n\n<p>Os gestores estaduais e municipais de educa\u00e7\u00e3o t\u00eam at\u00e9 a pr\u00f3xima sexta-feira (8) para confirmar as escolas a receber conex\u00e3o. A escolha deve ser realizada pelo Sistema Integrado de Monitoramento Execu\u00e7\u00e3o e Controle do Minist\u00e9rio da Educa\u00e7\u00e3o (Simec \u2013 M\u00f3dulo Educa\u00e7\u00e3o Conectada), e pelo PDDE Interativo (m\u00f3dulo Educa\u00e7\u00e3o Conectada), ferramenta de apoio \u00e0 gest\u00e3o escolar, ambos do MEC.<\/p>\n\n\n\n<p>A velocidade da internet, segundo a pasta, depende da velocidade ofertada na regi\u00e3o, mas o MEC disse que garante a melhor oferta dispon\u00edvel.<\/p>\n\n\n\n<p>O \u2018Educa\u00e7\u00e3o Conectada\u2019 tem o objetivo de apoiar a universaliza\u00e7\u00e3o do acesso \u00e0 internet em alta velocidade e fomentar o uso pedag\u00f3gico de tecnologias digitais na educa\u00e7\u00e3o b\u00e1sica.<\/p>\n\n\n\n<p>Para receber a conex\u00e3o de internet, as institui\u00e7\u00f5es p\u00fablicas precisam ter n\u00famero de matr\u00edculas maior que 14 alunos; ter, no m\u00ednimo, tr\u00eas computadores para uso pelos alunos; e, ter, no m\u00ednimo, um computador para uso administrativo e pelo menos uma sala de aula em funcionamento.<\/p>\n\n\n\n<p><em>Com Ag\u00eancia Brasil<\/em><\/p>\n","protected":false},"excerpt":{"rendered":"<p>O Minist\u00e9rio da Educa\u00e7\u00e3o (MEC) levar\u00e1 internet a 24,5 mil escolas p\u00fablicas urbanas pelo programa Educa\u00e7\u00e3o Conectada. De acordo com a pasta, isso significa que&hellip; <\/p>\n","protected":false},"author":1,"featured_media":132730,"comment_status":"closed","ping_status":"closed","sticky":false,"template":"","format":"standard","meta":{"sfsi_plus_gutenberg_text_before_share":"","sfsi_plus_gutenberg_show_text_before_share":"","sfsi_plus_gutenberg_icon_type":"","sfsi_plus_gutenberg_icon_alignemt":"","sfsi_plus_gutenburg_max_per_row":"","footnotes":""},"categories":[14],"tags":[],"class_list":["post-132728","post","type-post","status-publish","format-standard","has-post-thumbnail","hentry","category-educacao"],"_links":{"self":[{"href":"https:\/\/www.caririemacao.com\/1\/wp-json\/wp\/v2\/posts\/132728","targetHints":{"allow":["GET"]}}],"collection":[{"href":"https:\/\/www.caririemacao.com\/1\/wp-json\/wp\/v2\/posts"}],"about":[{"href":"https:\/\/www.caririemacao.com\/1\/wp-json\/wp\/v2\/types\/post"}],"author":[{"embeddable":true,"href":"https:\/\/www.caririemacao.com\/1\/wp-json\/wp\/v2\/users\/1"}],"replies":[{"embeddable":true,"href":"https:\/\/www.caririemacao.com\/1\/wp-json\/wp\/v2\/comments?post=132728"}],"version-history":[{"count":1,"href":"https:\/\/www.caririemacao.com\/1\/wp-json\/wp\/v2\/posts\/132728\/revisions"}],"predecessor-version":[{"id":132731,"href":"https:\/\/www.caririemacao.com\/1\/wp-json\/wp\/v2\/posts\/132728\/revisions\/132731"}],"wp:featuredmedia":[{"embeddable":true,"href":"https:\/\/www.caririemacao.com\/1\/wp-json\/wp\/v2\/media\/132730"}],"wp:attachment":[{"href":"https:\/\/www.caririemacao.com\/1\/wp-json\/wp\/v2\/media?parent=132728"}],"wp:term":[{"taxonomy":"category","embeddable":true,"href":"https:\/\/www.caririemacao.com\/1\/wp-json\/wp\/v2\/categories?post=132728"},{"taxonomy":"post_tag","embeddable":true,"href":"https:\/\/www.caririemacao.com\/1\/wp-json\/wp\/v2\/tags?post=132728"}],"curies":[{"name":"wp","href":"https:\/\/api.w.org\/{rel}","templated":true}]}}