{"id":132736,"date":"2019-11-05T16:12:24","date_gmt":"2019-11-05T19:12:24","guid":{"rendered":"http:\/\/www.caririemacao.com\/1\/?p=132736"},"modified":"2019-11-05T16:12:24","modified_gmt":"2019-11-05T19:12:24","slug":"casos-de-dengue-aumentam-67-na-paraiba-em-2019-e-governo-alerta-para-risco-de-surto","status":"publish","type":"post","link":"https:\/\/www.caririemacao.com\/1\/2019\/11\/05\/casos-de-dengue-aumentam-67-na-paraiba-em-2019-e-governo-alerta-para-risco-de-surto\/","title":{"rendered":"Casos de dengue aumentam 67% na Para\u00edba em 2019 e Governo alerta para risco de surto"},"content":{"rendered":"\n<p>Os casos de dengue na Para\u00edba neste ano de 2019 apresentaram um aumento consider\u00e1vel, de acordo com boletim epidemiol\u00f3gico divulgado nesta ter\u00e7a-feira (05) pela Secretaria de Estado da Sa\u00fade. De acordo com o documento, de janeiro at\u00e9 outubro foram notificados 17.149 casos prov\u00e1veis de dengue, representando um aumento de 67%, comparado ao mesmo per\u00edodo de 2018.<\/p>\n\n\n\n<p>Para chikungunya, foram registrados 1.243 casos prov\u00e1veis, o que corresponde a um aumento de 38%. Quanto \u00e0 zika, o aumento foi de 18,65%, com 388 casos notificados.&nbsp;<\/p>\n\n\n\n<p>Ainda de acordo com o boletim epidemiol\u00f3gico, existe o alerta para situa\u00e7\u00e3o de risco de surto de dengue em 18 munic\u00edpios paraibanos.<\/p>\n\n\n\n<p><a href=\"https:\/\/paraiba.pb.gov.br\/diretas\/secretaria-da-saude\/arquivos-1\/vigilancia-em-saude\/boletim-10-2019-arboviroses.pdf\">Confira o Boletim Epidemiol\u00f3gico<\/a><\/p>\n\n\n\n<p>A SES alerta que a predomin\u00e2ncia das notifica\u00e7\u00f5es concentra-se na 1\u00aa, 3\u00aa, 5\u00aa e 11\u00aa Regi\u00f5es de Sa\u00fade. Nessas regi\u00f5es, est\u00e3o os munic\u00edpios: Lucena, Jo\u00e3o Pessoa e Caapor\u00e3 (1\u00aa Regi\u00e3o), Princesa Isabel, S\u00e3o Jos\u00e9 de Princesa e Juru (11\u00aa Regi\u00e3o), Areia, Esperan\u00e7a e Alagoa Nova (3\u00aa Regi\u00e3o) e S\u00e3o Sebasti\u00e3o do Umbuzeiro, Camala\u00fa e Prata (5\u00aa Regi\u00e3o) com maiores incid\u00eancias da doen\u00e7a por 100.000 habitantes.<\/p>\n\n\n\n<p>De acordo com o boletim, foram registrados 54 \u00f3bitos suspeitos de arboviroses, sendo 10 confirmados para a dengue (01 em Bayeux, Santa Rita, Sol\u00e2nea, Araruna, Cachoeira dos \u00cdndios, Soledade e Conde, e 03 em Jo\u00e3o Pessoa), 03 para zika (02 em Jo\u00e3o Pessoa e 01 em Junco do Serid\u00f3) e 01 confirmado para chikungunya (Fangundes). Foram descartados 32 casos e 08 \u00f3bitos ainda seguem em investiga\u00e7\u00e3o.<\/p>\n\n\n\n<p>A gerente executiva de Vigil\u00e2ncia em Sa\u00fade da SES, Talita Tavares, afirma que \u00e9 importante a organiza\u00e7\u00e3o e mobiliza\u00e7\u00e3o de gestores e popula\u00e7\u00e3o para combater o mosquito. Ela explica que, de acordo com o Levantamento R\u00e1pido de \u00cdndices para Aedes aegypti, o LIRAa, 18 munic\u00edpios apresentaram \u00edndices que demonstram situa\u00e7\u00e3o de risco para ocorr\u00eancia de surto. \u201cPor isso, h\u00e1 a necessidade de fortalecer as a\u00e7\u00f5es agora para minimizarmos os problemas em 2020\u201d, afirma.<\/p>\n\n\n\n<p>Talita alerta que os focos do mosquito, em sua maioria, s\u00e3o encontrados nas resid\u00eancias. \u201cOs focos do mosquito, na grande maioria, s\u00e3o encontrados dentro de casa, quintais e jardins\u201d, pontua. Ela refor\u00e7a que, pelo menos uma vez por semana, deve ser feita uma faxina para eliminar copos descart\u00e1veis, tampas de refrigerantes ou outras garrafas, e, em especial, lavar bem a caixa d&#8217;\u00e1gua e depois vedar.<\/p>\n\n\n\n<p>Como combater \u2013 N\u00e3o deixar \u00e1gua acumulada em pneus, calhas e vasos; adicionar cloro \u00e0 \u00e1gua da piscina; deixar garrafas cobertas ou de cabe\u00e7a para baixo s\u00e3o algumas medidas que podem fazer toda a diferen\u00e7a para impedir a prolifera\u00e7\u00e3o do mosquito Aedes aegypti e, consequentemente, o registro de mais casos da doen\u00e7a, al\u00e9m de receber em domic\u00edlio o t\u00e9cnico de sa\u00fade devidamente credenciado, para que as visitas de rotina sirvam como vigil\u00e2ncia.<\/p>\n","protected":false},"excerpt":{"rendered":"<p>Os casos de dengue na Para\u00edba neste ano de 2019 apresentaram um aumento consider\u00e1vel, de acordo com boletim epidemiol\u00f3gico divulgado nesta ter\u00e7a-feira (05) pela Secretaria&hellip; <\/p>\n","protected":false},"author":1,"featured_media":89213,"comment_status":"closed","ping_status":"closed","sticky":false,"template":"","format":"standard","meta":{"sfsi_plus_gutenberg_text_before_share":"","sfsi_plus_gutenberg_show_text_before_share":"","sfsi_plus_gutenberg_icon_type":"","sfsi_plus_gutenberg_icon_alignemt":"","sfsi_plus_gutenburg_max_per_row":"","footnotes":""},"categories":[16],"tags":[],"class_list":["post-132736","post","type-post","status-publish","format-standard","has-post-thumbnail","hentry","category-saude"],"_links":{"self":[{"href":"https:\/\/www.caririemacao.com\/1\/wp-json\/wp\/v2\/posts\/132736","targetHints":{"allow":["GET"]}}],"collection":[{"href":"https:\/\/www.caririemacao.com\/1\/wp-json\/wp\/v2\/posts"}],"about":[{"href":"https:\/\/www.caririemacao.com\/1\/wp-json\/wp\/v2\/types\/post"}],"author":[{"embeddable":true,"href":"https:\/\/www.caririemacao.com\/1\/wp-json\/wp\/v2\/users\/1"}],"replies":[{"embeddable":true,"href":"https:\/\/www.caririemacao.com\/1\/wp-json\/wp\/v2\/comments?post=132736"}],"version-history":[{"count":1,"href":"https:\/\/www.caririemacao.com\/1\/wp-json\/wp\/v2\/posts\/132736\/revisions"}],"predecessor-version":[{"id":132738,"href":"https:\/\/www.caririemacao.com\/1\/wp-json\/wp\/v2\/posts\/132736\/revisions\/132738"}],"wp:featuredmedia":[{"embeddable":true,"href":"https:\/\/www.caririemacao.com\/1\/wp-json\/wp\/v2\/media\/89213"}],"wp:attachment":[{"href":"https:\/\/www.caririemacao.com\/1\/wp-json\/wp\/v2\/media?parent=132736"}],"wp:term":[{"taxonomy":"category","embeddable":true,"href":"https:\/\/www.caririemacao.com\/1\/wp-json\/wp\/v2\/categories?post=132736"},{"taxonomy":"post_tag","embeddable":true,"href":"https:\/\/www.caririemacao.com\/1\/wp-json\/wp\/v2\/tags?post=132736"}],"curies":[{"name":"wp","href":"https:\/\/api.w.org\/{rel}","templated":true}]}}