{"id":132741,"date":"2019-11-05T16:16:12","date_gmt":"2019-11-05T19:16:12","guid":{"rendered":"http:\/\/www.caririemacao.com\/1\/?p=132741"},"modified":"2019-11-05T16:16:12","modified_gmt":"2019-11-05T19:16:12","slug":"black-friday-2019-seis-dicas-para-nao-cair-em-golpes-ou-fraudes","status":"publish","type":"post","link":"https:\/\/www.caririemacao.com\/1\/2019\/11\/05\/black-friday-2019-seis-dicas-para-nao-cair-em-golpes-ou-fraudes\/","title":{"rendered":"Black Friday 2019: seis dicas para n\u00e3o cair em golpes ou fraudes"},"content":{"rendered":"\n<p>Est\u00e1 chegando a t\u00e3o aguardada promo\u00e7\u00e3o do ano, &#8216;Black Friday&#8217;, ser\u00e1 realizada em 29 de novembro. A tradi\u00e7\u00e3o de compras nesse dia n\u00e3o \u00e9 por menos, j\u00e1 que as lojas apostam em descontos que podem passar dos 50%. Essa \u00e9 a&nbsp;segunda principal data para o varejo nacional, fica atr\u00e1s apenas do Natal. No total, a expectativa \u00e9 que as lojas virtuais brasileiras recebam mais de 10 milh\u00f5es de pedidos, com gasto m\u00e9dio&nbsp;de R$ 350. As categorias historicamente mais buscadas s\u00e3o de inform\u00e1tica, celulares, produtos eletr\u00f4nicos, moda e acess\u00f3rios e casa e decora\u00e7\u00e3o.<\/p>\n\n\n\n<p>No entanto, \u00e9 importante ficar atento para n\u00e3o cair em golpes ou engana\u00e7\u00f5es. O especialista,&nbsp;Achiles J\u00fanior listou dicas valiosas para quem quer aproveitar as ofertas de uma forma segura e consciente.&nbsp;<\/p>\n\n\n\n<p><strong>1)&nbsp;<\/strong><strong>Planejamento<\/strong>&nbsp;\u2013 O racional deve ser levado em considera\u00e7\u00e3o, pois \u00e9 fundamental o planejamento das compras, bem como refletir sobre a real necessidade de aquisi\u00e7\u00e3o do bem pretendido, uma vez que 90% das aquisi\u00e7\u00f5es s\u00e3o frutos de causas emocionais.<\/p>\n\n\n\n<p><strong>2) Veracidade&nbsp;<\/strong>&#8211; Vale chamar aten\u00e7\u00e3o para as famosas&nbsp;<em>fake news<\/em>&nbsp;que est\u00e3o em evid\u00eancia no momento. Outro detalhe \u00e9 verificar o selo de credibilidade de site seguro no momento da compra virtual e, se for o caso, certificar-se de que a loja virtual tem endere\u00e7o f\u00edsico e um canal de relacionamento com o consumidor. Outra recomenda\u00e7\u00e3o \u00e9 acessar o site do Procon (Departamento Estadual de Prote\u00e7\u00e3o ao Consumidor) do seu Estado, para verificar a \u201clista negra\u201d de sites a serem visitados. Checar se h\u00e1 reclama\u00e7\u00f5es existentes no site do Procon nacional (www.<a href=\"http:\/\/sender.helpi.com.br\/l\/XfS4cJYlVpjPRINuHAdj1A\/14FAG78Z2SxiGe892k892Cq7rA\/8DZQ9I1IOtEpOtUY99PytA\">consumidor.gov.br<\/a>) tamb\u00e9m \u00e9 aconselh\u00e1vel.<\/p>\n\n\n\n<p><strong>3) Pesquisa<\/strong>&nbsp;&#8211; Uma breve busca em sites e aplicativos de compara\u00e7\u00e3o de pre\u00e7os \u00e9 suficiente para saber se o valor do produto a ser adquirido est\u00e1 de acordo com a data. Por\u00e9m, vale ficar atento aos detalhes em casos de produtos relacionados \u00e0 tecnologia. Nesse caso, ter conhecimento sobre o bem pretendido pode ser crucial nesse momento.<\/p>\n\n\n\n<p><strong>4) Cart\u00e3o virtual<\/strong>&nbsp;&#8211; O cart\u00e3o virtual \u00e9 mais seguro que o cart\u00e3o f\u00edsico, por impedir a atua\u00e7\u00e3o de crime no ambiente da internet. \u00c9 a mesma raz\u00e3o pela qual voc\u00ea deve evitar andar com dinheiro no bolso.<\/p>\n\n\n\n<p>&nbsp;<strong>5) Celular ou notebook?<\/strong>&nbsp;&#8211; Em ambos, se houver conex\u00e3o com a internet, praticamente existe o mesmo risco. Marcas como Apple, no entanto, disponibilizam dispositivos de seguran\u00e7a que conseguem neutralizar as m\u00e1s inten\u00e7\u00f5es de golpistas. Afinal, o cuidado maior est\u00e1 no manuseio desses equipamentos. Dica: tenha cuidado com senhas f\u00e1ceis e que fiquem gravadas ao utilizar redes p\u00fablicas de wi-fi.<\/p>\n\n\n\n<p><strong>6) Bom-senso \u2013&nbsp;<\/strong>Para um consumo seguro e consciente, o bom-senso \u00e9 fundamental. Tenha cuidado com a utiliza\u00e7\u00e3o de dados e redobre a aten\u00e7\u00e3o ao or\u00e7amento familiar.<\/p>\n","protected":false},"excerpt":{"rendered":"<p>Est\u00e1 chegando a t\u00e3o aguardada promo\u00e7\u00e3o do ano, &#8216;Black Friday&#8217;, ser\u00e1 realizada em 29 de novembro. A tradi\u00e7\u00e3o de compras nesse dia n\u00e3o \u00e9 por&hellip; <\/p>\n","protected":false},"author":1,"featured_media":33883,"comment_status":"closed","ping_status":"closed","sticky":false,"template":"","format":"standard","meta":{"sfsi_plus_gutenberg_text_before_share":"","sfsi_plus_gutenberg_show_text_before_share":"","sfsi_plus_gutenberg_icon_type":"","sfsi_plus_gutenberg_icon_alignemt":"","sfsi_plus_gutenburg_max_per_row":"","footnotes":""},"categories":[50,2],"tags":[],"class_list":["post-132741","post","type-post","status-publish","format-standard","has-post-thumbnail","hentry","category-destaque","category-geral"],"_links":{"self":[{"href":"https:\/\/www.caririemacao.com\/1\/wp-json\/wp\/v2\/posts\/132741","targetHints":{"allow":["GET"]}}],"collection":[{"href":"https:\/\/www.caririemacao.com\/1\/wp-json\/wp\/v2\/posts"}],"about":[{"href":"https:\/\/www.caririemacao.com\/1\/wp-json\/wp\/v2\/types\/post"}],"author":[{"embeddable":true,"href":"https:\/\/www.caririemacao.com\/1\/wp-json\/wp\/v2\/users\/1"}],"replies":[{"embeddable":true,"href":"https:\/\/www.caririemacao.com\/1\/wp-json\/wp\/v2\/comments?post=132741"}],"version-history":[{"count":1,"href":"https:\/\/www.caririemacao.com\/1\/wp-json\/wp\/v2\/posts\/132741\/revisions"}],"predecessor-version":[{"id":132742,"href":"https:\/\/www.caririemacao.com\/1\/wp-json\/wp\/v2\/posts\/132741\/revisions\/132742"}],"wp:featuredmedia":[{"embeddable":true,"href":"https:\/\/www.caririemacao.com\/1\/wp-json\/wp\/v2\/media\/33883"}],"wp:attachment":[{"href":"https:\/\/www.caririemacao.com\/1\/wp-json\/wp\/v2\/media?parent=132741"}],"wp:term":[{"taxonomy":"category","embeddable":true,"href":"https:\/\/www.caririemacao.com\/1\/wp-json\/wp\/v2\/categories?post=132741"},{"taxonomy":"post_tag","embeddable":true,"href":"https:\/\/www.caririemacao.com\/1\/wp-json\/wp\/v2\/tags?post=132741"}],"curies":[{"name":"wp","href":"https:\/\/api.w.org\/{rel}","templated":true}]}}