{"id":132756,"date":"2019-11-05T16:19:44","date_gmt":"2019-11-05T19:19:44","guid":{"rendered":"http:\/\/www.caririemacao.com\/1\/?p=132756"},"modified":"2019-11-05T16:19:44","modified_gmt":"2019-11-05T19:19:44","slug":"prefeitura-de-prata-realiza-acao-para-cumprir-desafios-do-selo-unicef","status":"publish","type":"post","link":"https:\/\/www.caririemacao.com\/1\/2019\/11\/05\/prefeitura-de-prata-realiza-acao-para-cumprir-desafios-do-selo-unicef\/","title":{"rendered":"Prefeitura de Prata realiza a\u00e7\u00e3o para cumprir desafios do Selo UNICEF"},"content":{"rendered":"\n<p>A Prefeitura Municipal de Prata atrav\u00e9s Secretaria de Educa\u00e7\u00e3o e Cultura em parceria com o N\u00facleo de Cidadania do Adolescente (NUCA), realizou mais um encontro para o cumprimento de um desafio do Selo no Unicef. A a\u00e7\u00e3o foi realizada na tarde da \u00faltima segunda-feira, dia 04 de novembro, com o objetivo de cumprir o desafio 4.<br>No Desafio 04, o NUCA t\u00eam o objetivo de promover o direito \u00e0 inclus\u00e3o digital, principalmente em \u00e1reas rurais, e ao uso seguro da internet entre adolescentes. De acordo com o site da UNICEF, \u201capesar de usarmos a web para praticamente tudo: encontrar pessoas, pesquisar e aprender coisas novas, \u00e9 importante termos consci\u00eancia de que as novas tecnologias tamb\u00e9m trazem riscos e cuidados\u201d.<br>A reuni\u00e3o contou com uma palestra do NUCA que explicou sobre seu funcionamento e falou sobre os desafios. Em seguida, foi realizado uma panfletagem para o alunado de acordo com o tema pertinente.<br>Os desafios tem\u00e1ticos da Unicef s\u00e3o algumas das metas a serem alcan\u00e7adas pelo munic\u00edpio para a obten\u00e7\u00e3o do selo, que busca reconhecer e estimular os avan\u00e7os reais e positivos na promo\u00e7\u00e3o, realiza\u00e7\u00e3o e garantia dos direitos de crian\u00e7as e adolescentes em munic\u00edpios.<br><strong>Com PORTALCARIRIPB<\/strong><\/p>\n","protected":false},"excerpt":{"rendered":"<p>A Prefeitura Municipal de Prata atrav\u00e9s Secretaria de Educa\u00e7\u00e3o e Cultura em parceria com o N\u00facleo de Cidadania do Adolescente (NUCA), realizou mais um encontro&hellip; <\/p>\n","protected":false},"author":1,"featured_media":132758,"comment_status":"closed","ping_status":"closed","sticky":false,"template":"","format":"standard","meta":{"sfsi_plus_gutenberg_text_before_share":"","sfsi_plus_gutenberg_show_text_before_share":"","sfsi_plus_gutenberg_icon_type":"","sfsi_plus_gutenberg_icon_alignemt":"","sfsi_plus_gutenburg_max_per_row":"","footnotes":""},"categories":[2],"tags":[],"class_list":["post-132756","post","type-post","status-publish","format-standard","has-post-thumbnail","hentry","category-geral"],"_links":{"self":[{"href":"https:\/\/www.caririemacao.com\/1\/wp-json\/wp\/v2\/posts\/132756","targetHints":{"allow":["GET"]}}],"collection":[{"href":"https:\/\/www.caririemacao.com\/1\/wp-json\/wp\/v2\/posts"}],"about":[{"href":"https:\/\/www.caririemacao.com\/1\/wp-json\/wp\/v2\/types\/post"}],"author":[{"embeddable":true,"href":"https:\/\/www.caririemacao.com\/1\/wp-json\/wp\/v2\/users\/1"}],"replies":[{"embeddable":true,"href":"https:\/\/www.caririemacao.com\/1\/wp-json\/wp\/v2\/comments?post=132756"}],"version-history":[{"count":1,"href":"https:\/\/www.caririemacao.com\/1\/wp-json\/wp\/v2\/posts\/132756\/revisions"}],"predecessor-version":[{"id":132759,"href":"https:\/\/www.caririemacao.com\/1\/wp-json\/wp\/v2\/posts\/132756\/revisions\/132759"}],"wp:featuredmedia":[{"embeddable":true,"href":"https:\/\/www.caririemacao.com\/1\/wp-json\/wp\/v2\/media\/132758"}],"wp:attachment":[{"href":"https:\/\/www.caririemacao.com\/1\/wp-json\/wp\/v2\/media?parent=132756"}],"wp:term":[{"taxonomy":"category","embeddable":true,"href":"https:\/\/www.caririemacao.com\/1\/wp-json\/wp\/v2\/categories?post=132756"},{"taxonomy":"post_tag","embeddable":true,"href":"https:\/\/www.caririemacao.com\/1\/wp-json\/wp\/v2\/tags?post=132756"}],"curies":[{"name":"wp","href":"https:\/\/api.w.org\/{rel}","templated":true}]}}