{"id":132766,"date":"2019-11-05T16:23:07","date_gmt":"2019-11-05T19:23:07","guid":{"rendered":"http:\/\/www.caririemacao.com\/1\/?p=132766"},"modified":"2019-11-05T16:23:07","modified_gmt":"2019-11-05T19:23:07","slug":"regiao-do-cariri-podera-perder-18-municipios-com-pec-do-governo-bolsonaro-confira","status":"publish","type":"post","link":"https:\/\/www.caririemacao.com\/1\/2019\/11\/05\/regiao-do-cariri-podera-perder-18-municipios-com-pec-do-governo-bolsonaro-confira\/","title":{"rendered":"Regi\u00e3o do Cariri poder\u00e1 perder 18 munic\u00edpios com PEC do Governo Bolsonaro; confira"},"content":{"rendered":"\n<p>O Governo Jair Bolsonaro (PSL) apresentou hoje uma proposta que consta na PEC (Proposta de Emenda \u00e0 Constitui\u00e7\u00e3o) do Pacto Federativo no Congresso Nacional que pode realizar v\u00e1rias mudan\u00e7as, entre elas a extin\u00e7\u00e3o de munic\u00edpios.<\/p>\n\n\n\n<p>O projeto de Paulo Guedes (Ministro da Economia) sugere que munic\u00edpios com menos de 5.000 habitantes e arrecada\u00e7\u00e3o pr\u00f3pria menor do que 10% da receita total sejam incorporados por munic\u00edpios vizinhos.<\/p>\n\n\n\n<p>A reportagem do Para\u00edba Mix fez um levantamento que apontou na regi\u00e3o do Cariri paraibano 18 munic\u00edpios com menos de 5 mil habitantes e assim com chance de serem extintos e incorporados a outras cidades maiores.<\/p>\n\n\n\n<p>Confira quais s\u00e3o:<\/p>\n\n\n\n<p>Caturit\u00e9<br>Congo<br>S\u00e3o Jo\u00e3o do Tigre<br>S\u00e3o Jo\u00e3o do Cariri<br>Prata<br>Cara\u00fabas<br>Assun\u00e7\u00e3o<br>S\u00e3o Jos\u00e9 dos Cordeiros<br>S\u00e3o Sebasti\u00e3o do Umbuzeiro<br>Gurj\u00e3o<br>Ouro Velho<br>S\u00e3o Domingos do Cariri<br>Santo Andr\u00e9<br>Amparo<br>Zabel\u00ea<br>Riacho de Santo Ant\u00f4nio<br>Coxixola<br>Parari<\/p>\n\n\n\n<p><strong>Para\u00edba Mix<\/strong><\/p>\n","protected":false},"excerpt":{"rendered":"<p>O Governo Jair Bolsonaro (PSL) apresentou hoje uma proposta que consta na PEC (Proposta de Emenda \u00e0 Constitui\u00e7\u00e3o) do Pacto Federativo no Congresso Nacional que&hellip; <\/p>\n","protected":false},"author":1,"featured_media":109556,"comment_status":"closed","ping_status":"closed","sticky":false,"template":"","format":"standard","meta":{"sfsi_plus_gutenberg_text_before_share":"","sfsi_plus_gutenberg_show_text_before_share":"","sfsi_plus_gutenberg_icon_type":"","sfsi_plus_gutenberg_icon_alignemt":"","sfsi_plus_gutenburg_max_per_row":"","footnotes":""},"categories":[2],"tags":[],"class_list":["post-132766","post","type-post","status-publish","format-standard","has-post-thumbnail","hentry","category-geral"],"_links":{"self":[{"href":"https:\/\/www.caririemacao.com\/1\/wp-json\/wp\/v2\/posts\/132766","targetHints":{"allow":["GET"]}}],"collection":[{"href":"https:\/\/www.caririemacao.com\/1\/wp-json\/wp\/v2\/posts"}],"about":[{"href":"https:\/\/www.caririemacao.com\/1\/wp-json\/wp\/v2\/types\/post"}],"author":[{"embeddable":true,"href":"https:\/\/www.caririemacao.com\/1\/wp-json\/wp\/v2\/users\/1"}],"replies":[{"embeddable":true,"href":"https:\/\/www.caririemacao.com\/1\/wp-json\/wp\/v2\/comments?post=132766"}],"version-history":[{"count":1,"href":"https:\/\/www.caririemacao.com\/1\/wp-json\/wp\/v2\/posts\/132766\/revisions"}],"predecessor-version":[{"id":132767,"href":"https:\/\/www.caririemacao.com\/1\/wp-json\/wp\/v2\/posts\/132766\/revisions\/132767"}],"wp:featuredmedia":[{"embeddable":true,"href":"https:\/\/www.caririemacao.com\/1\/wp-json\/wp\/v2\/media\/109556"}],"wp:attachment":[{"href":"https:\/\/www.caririemacao.com\/1\/wp-json\/wp\/v2\/media?parent=132766"}],"wp:term":[{"taxonomy":"category","embeddable":true,"href":"https:\/\/www.caririemacao.com\/1\/wp-json\/wp\/v2\/categories?post=132766"},{"taxonomy":"post_tag","embeddable":true,"href":"https:\/\/www.caririemacao.com\/1\/wp-json\/wp\/v2\/tags?post=132766"}],"curies":[{"name":"wp","href":"https:\/\/api.w.org\/{rel}","templated":true}]}}