{"id":132772,"date":"2019-11-05T17:57:40","date_gmt":"2019-11-05T20:57:40","guid":{"rendered":"http:\/\/www.caririemacao.com\/1\/?p=132772"},"modified":"2019-11-05T17:57:40","modified_gmt":"2019-11-05T20:57:40","slug":"caririzeiro-vence-concurso-para-escolha-do-hino-da-padroeira-da-diocese-de-campina-grande","status":"publish","type":"post","link":"https:\/\/www.caririemacao.com\/1\/2019\/11\/05\/caririzeiro-vence-concurso-para-escolha-do-hino-da-padroeira-da-diocese-de-campina-grande\/","title":{"rendered":"Caririzeiro vence concurso para escolha do Hino da Padroeira da Diocese de Campina Grande"},"content":{"rendered":"\n<p>O Concurso lan\u00e7ado para a escolha do Hino da Padroeira Nossa Senhora da Concei\u00e7\u00e3o teve seu desfecho na manh\u00e3 desta ter\u00e7a feira, 05, onde na ocasi\u00e3o, sob a coordena\u00e7\u00e3o do Padre Luciano Guedes e a da Comiss\u00e3o de Liturgia da Diocese de Campina Grande, Padres se reuniram na C\u00faria Diocesana para escolherem a melhor composi\u00e7\u00e3o musical para Padroeira.<\/p>\n\n\n\n<p>Al\u00e9m do Padre Luciano, estiveram presentes, os Padres Arimat\u00e9a Junior, Danilo C\u00e9sar, Jos\u00e9 Aldevan, Emanuel Augusto e Bruno Costa, todos eles avaliaram criteriosamente os projetos que foram enviados para o concurso.<\/p>\n\n\n\n<p>Os jurados avaliaram todas as 7 composi\u00e7\u00f5es e julgaram a partir dos crit\u00e9rios propostos no edital, a saber: Elementos B\u00edblicos, Teol\u00f3gicos, Socioculturais e Hist\u00f3ricos (da cidade de Campina Grande). Propunha o edital, que a letra contivesse express\u00f5es referentes \u00e0 Virgem Maria presente na Sagrada Escritura, que fosse uma letra po\u00e9tica com refr\u00e3o vibrante contendo tr\u00eas ou quatro estrofes.<\/p>\n\n\n\n<div class=\"wp-block-image\"><figure class=\"aligncenter\"><img decoding=\"async\" data-src=\"http:\/\/deolhonocariri.com.br\/wp-content\/uploads\/2019\/11\/61885170_2348849368769714_72241530307346432_n-600x398.jpg\" alt=\"\" class=\"wp-image-73789 lazyload\" src=\"data:image\/svg+xml;base64,PHN2ZyB3aWR0aD0iMSIgaGVpZ2h0PSIxIiB4bWxucz0iaHR0cDovL3d3dy53My5vcmcvMjAwMC9zdmciPjwvc3ZnPg==\" style=\"--smush-placeholder-width: 600px; --smush-placeholder-aspect-ratio: 600\/398;\" \/><\/figure><\/div>\n\n\n\n<p>Cuidadosos com avalia\u00e7\u00e3o e atentos, cada jurado emitiu sua opini\u00e3o e justificou sua escolha. Das sete composi\u00e7\u00f5es, a que mais se encaixou em todos os crit\u00e9rios julgados, foi a composi\u00e7\u00e3o de&nbsp;<strong>Eduardo de Sousa Farias, da Par\u00f3quia de Nossa Senhora dos Milagres, S\u00e3o Jo\u00e3o do Cariri\/PB<\/strong>;&nbsp; Com o t\u00edtulo: Excelsa M\u00e3e da Concei\u00e7\u00e3o, este foi o hino escolhido.<\/p>\n\n\n\n<p>Al\u00e9m da composi\u00e7\u00e3o de Eduardo, os projetos musicais do Seminarista Humberto Junior (Sum\u00e9\/PB) e de Francisco J\u00fanior (Cuit\u00e9\/PB) foram acatados e ser\u00e3o apresentados ao povo de Deus na abertura da festa da Padroeira, e far\u00e3o parte do Hin\u00e1rio da festa.<\/p>\n\n\n\n<p>O Hino escolhido segue agora para mais uma avalia\u00e7\u00e3o, desta feita com os Padres que ensinam no semin\u00e1rio, a fim de eventuais reparos teol\u00f3gicos. A comiss\u00e3o organizadora do concurso agradeceu a todos os que enviaram sugest\u00f5es, lembrando a ousadia e a criatividade do povo de Deus.<\/p>\n\n\n\n<p>O Hino ser\u00e1 apresentado em primeira m\u00e3o no programa a Diocese no R\u00e1dio, no pr\u00f3ximo domingo a partir das 8h da manh\u00e3 na R\u00e1dio Caturit\u00e9 FM 104.1.<\/p>\n\n\n\n<p>Confira a composi\u00e7\u00e3o vencedora:<\/p>\n\n\n\n<p><strong><em>Excelsa M\u00e3e da Concei\u00e7\u00e3o<\/em><\/strong><\/p>\n\n\n\n<p><em>Ao Deus trino se eleva este hino<\/em><br><em>Por tal M\u00e3e de ideal Prote\u00e7\u00e3o,<\/em><br><em>Por um dia nos ter confiado,<\/em><br><em>aos cuidados maternos do seu cora\u00e7\u00e3o!<\/em><\/p>\n\n\n\n<p><em>Aos teus p\u00e9s os devotos te imploram,<\/em><br><em>te Suplicam coragem e luz.<\/em><br><em>De m\u00e3os postas Imaculada.<\/em><br><em>Intercedes com ternura a por n\u00f3s a Jesus.<\/em><\/p>\n\n\n\n<p><em>Ilibada, \u00f3 M\u00e3e toda pura,<\/em><br><em>Nova Eva por tua Concei\u00e7\u00e3o,<\/em><br><em>Carregaste em teu ventre o Cristo<\/em><br><em>e trouxestes a n\u00f3s t\u00e3o grande salva\u00e7\u00e3o.<\/em><\/p>\n\n\n\n<p><em>\u00c9s a causa de nossa alegria,<\/em><br><em>Virgem, bela m\u00e3e exuberante.<\/em><br><em>Tu que um dia escolheste reinar,<\/em><br><em>Gloriosa e Soberana sob Campina Grande.<\/em><\/p>\n\n\n\n<p><em>Refr\u00e3o:<br><strong>Excelsa, M\u00e3e da Concei\u00e7\u00e3o,<\/strong><\/em><strong><br><em>Volve a n\u00f3s t\u00e3o terno olhar!<\/em><br><em>Das terras da Borborema,<\/em><br><em>recebei singelo Cantar!<\/em><\/strong><\/p>\n\n\n\n<p>Cariri em A\u00e7\u00e3o <\/p>\n\n\n\n<p><em>Com Pascom Diocesana<\/em><\/p>\n","protected":false},"excerpt":{"rendered":"<p>O Concurso lan\u00e7ado para a escolha do Hino da Padroeira Nossa Senhora da Concei\u00e7\u00e3o teve seu desfecho na manh\u00e3 desta ter\u00e7a feira, 05, onde na&hellip; <\/p>\n","protected":false},"author":1,"featured_media":132774,"comment_status":"closed","ping_status":"closed","sticky":false,"template":"","format":"standard","meta":{"sfsi_plus_gutenberg_text_before_share":"","sfsi_plus_gutenberg_show_text_before_share":"","sfsi_plus_gutenberg_icon_type":"","sfsi_plus_gutenberg_icon_alignemt":"","sfsi_plus_gutenburg_max_per_row":"","footnotes":""},"categories":[2],"tags":[],"class_list":["post-132772","post","type-post","status-publish","format-standard","has-post-thumbnail","hentry","category-geral"],"_links":{"self":[{"href":"https:\/\/www.caririemacao.com\/1\/wp-json\/wp\/v2\/posts\/132772","targetHints":{"allow":["GET"]}}],"collection":[{"href":"https:\/\/www.caririemacao.com\/1\/wp-json\/wp\/v2\/posts"}],"about":[{"href":"https:\/\/www.caririemacao.com\/1\/wp-json\/wp\/v2\/types\/post"}],"author":[{"embeddable":true,"href":"https:\/\/www.caririemacao.com\/1\/wp-json\/wp\/v2\/users\/1"}],"replies":[{"embeddable":true,"href":"https:\/\/www.caririemacao.com\/1\/wp-json\/wp\/v2\/comments?post=132772"}],"version-history":[{"count":1,"href":"https:\/\/www.caririemacao.com\/1\/wp-json\/wp\/v2\/posts\/132772\/revisions"}],"predecessor-version":[{"id":132775,"href":"https:\/\/www.caririemacao.com\/1\/wp-json\/wp\/v2\/posts\/132772\/revisions\/132775"}],"wp:featuredmedia":[{"embeddable":true,"href":"https:\/\/www.caririemacao.com\/1\/wp-json\/wp\/v2\/media\/132774"}],"wp:attachment":[{"href":"https:\/\/www.caririemacao.com\/1\/wp-json\/wp\/v2\/media?parent=132772"}],"wp:term":[{"taxonomy":"category","embeddable":true,"href":"https:\/\/www.caririemacao.com\/1\/wp-json\/wp\/v2\/categories?post=132772"},{"taxonomy":"post_tag","embeddable":true,"href":"https:\/\/www.caririemacao.com\/1\/wp-json\/wp\/v2\/tags?post=132772"}],"curies":[{"name":"wp","href":"https:\/\/api.w.org\/{rel}","templated":true}]}}