{"id":132779,"date":"2019-11-05T19:49:07","date_gmt":"2019-11-05T22:49:07","guid":{"rendered":"http:\/\/www.caririemacao.com\/1\/?p=132779"},"modified":"2019-11-05T19:49:23","modified_gmt":"2019-11-05T22:49:23","slug":"camara-de-vereadores-empossa-flavio-paulino-como-novo-vereador-de-sume","status":"publish","type":"post","link":"https:\/\/www.caririemacao.com\/1\/2019\/11\/05\/camara-de-vereadores-empossa-flavio-paulino-como-novo-vereador-de-sume\/","title":{"rendered":"C\u00e2mara de Vereadores empossa Fl\u00e1vio Paulino como novo vereador de Sum\u00e9"},"content":{"rendered":"\n<p>Ap\u00f3s o pedido de afastamento do vereador Bonilson Timot\u00e9o, PL, \u00faltima ter\u00e7a-feira, 29, para assumir cargo de secret\u00e1rio de administra\u00e7\u00e3o no governo \u00c9den Duarte, a C\u00e2mara de Vereadores convocou e empossou na \u00faltima sexta-feira, 1, o suplente de vereador do PL, Fl\u00e1vio Paulino.<\/p>\n\n\n\n<p>Fl\u00e1vio Paulino (PL), primeiro suplente obteve 303 votos nas elei\u00e7\u00f5es de 2016.<\/p>\n\n\n\n<p>A sess\u00e3o solene foi bastante prestigiada e contou com a presen\u00e7a do vice-prefeito Dr\u00f3 (Representando o prefeito \u00c9den Duarte), Jeandro Rafael, chefe de gabinete e familiares de Fl\u00e1vio Paulino.<\/p>\n\n\n\n<p>Em seu discurso, Fl\u00e1vio disse que chega ao Legislativo sumeense com o objetivo de somar, objetivando realizar um trabalho voltado ao povo que mais precisa \u201cAgrade\u00e7o aos pares, aos meus familiares e prometo honrar a confian\u00e7a de todos que confiam em meu trabalho\u201d, ressaltou Fl\u00e1vio.<\/p>\n\n\n\n<p>Ascom-C\u00e2mara<\/p>\n","protected":false},"excerpt":{"rendered":"<p>Ap\u00f3s o pedido de afastamento do vereador Bonilson Timot\u00e9o, PL, \u00faltima ter\u00e7a-feira, 29, para assumir cargo de secret\u00e1rio de administra\u00e7\u00e3o no governo \u00c9den Duarte, a&hellip; <\/p>\n","protected":false},"author":2,"featured_media":132780,"comment_status":"closed","ping_status":"closed","sticky":false,"template":"","format":"standard","meta":{"sfsi_plus_gutenberg_text_before_share":"","sfsi_plus_gutenberg_show_text_before_share":"","sfsi_plus_gutenberg_icon_type":"","sfsi_plus_gutenberg_icon_alignemt":"","sfsi_plus_gutenburg_max_per_row":"","footnotes":""},"categories":[50,11],"tags":[],"class_list":["post-132779","post","type-post","status-publish","format-standard","has-post-thumbnail","hentry","category-destaque","category-politica"],"_links":{"self":[{"href":"https:\/\/www.caririemacao.com\/1\/wp-json\/wp\/v2\/posts\/132779","targetHints":{"allow":["GET"]}}],"collection":[{"href":"https:\/\/www.caririemacao.com\/1\/wp-json\/wp\/v2\/posts"}],"about":[{"href":"https:\/\/www.caririemacao.com\/1\/wp-json\/wp\/v2\/types\/post"}],"author":[{"embeddable":true,"href":"https:\/\/www.caririemacao.com\/1\/wp-json\/wp\/v2\/users\/2"}],"replies":[{"embeddable":true,"href":"https:\/\/www.caririemacao.com\/1\/wp-json\/wp\/v2\/comments?post=132779"}],"version-history":[{"count":2,"href":"https:\/\/www.caririemacao.com\/1\/wp-json\/wp\/v2\/posts\/132779\/revisions"}],"predecessor-version":[{"id":132782,"href":"https:\/\/www.caririemacao.com\/1\/wp-json\/wp\/v2\/posts\/132779\/revisions\/132782"}],"wp:featuredmedia":[{"embeddable":true,"href":"https:\/\/www.caririemacao.com\/1\/wp-json\/wp\/v2\/media\/132780"}],"wp:attachment":[{"href":"https:\/\/www.caririemacao.com\/1\/wp-json\/wp\/v2\/media?parent=132779"}],"wp:term":[{"taxonomy":"category","embeddable":true,"href":"https:\/\/www.caririemacao.com\/1\/wp-json\/wp\/v2\/categories?post=132779"},{"taxonomy":"post_tag","embeddable":true,"href":"https:\/\/www.caririemacao.com\/1\/wp-json\/wp\/v2\/tags?post=132779"}],"curies":[{"name":"wp","href":"https:\/\/api.w.org\/{rel}","templated":true}]}}