{"id":132783,"date":"2019-11-06T01:41:17","date_gmt":"2019-11-06T04:41:17","guid":{"rendered":"http:\/\/www.caririemacao.com\/1\/?p=132783"},"modified":"2019-11-06T01:41:17","modified_gmt":"2019-11-06T04:41:17","slug":"dr-junior-participa-de-reuniao-na-secretaria-de-educacao-do-estado","status":"publish","type":"post","link":"https:\/\/www.caririemacao.com\/1\/2019\/11\/06\/dr-junior-participa-de-reuniao-na-secretaria-de-educacao-do-estado\/","title":{"rendered":"Dr. J\u00fanior participa de reuni\u00e3o na Secretaria de Educa\u00e7\u00e3o do Estado"},"content":{"rendered":"\n<p>O m\u00e9dico Dr. J\u00fanior, esposo da prefeita de Ouro Velho, esteve nesta ter\u00e7a-feira, dia 05, na Secretaria de Educa\u00e7\u00e3o da Para\u00edba para tratar sobre conv\u00eanios para o munic\u00edpio.<\/p>\n\n\n\n<figure class=\"wp-block-image\"><img fetchpriority=\"high\" decoding=\"async\" width=\"960\" height=\"698\" src=\"http:\/\/www.caririemacao.com\/1\/wp-content\/uploads\/2019\/11\/75569715_568136430681675_7781014356912766976_n.jpg\" alt=\"\" class=\"wp-image-132787\" srcset=\"https:\/\/www.caririemacao.com\/1\/wp-content\/uploads\/2019\/11\/75569715_568136430681675_7781014356912766976_n.jpg 960w, https:\/\/www.caririemacao.com\/1\/wp-content\/uploads\/2019\/11\/75569715_568136430681675_7781014356912766976_n-300x218.jpg 300w, https:\/\/www.caririemacao.com\/1\/wp-content\/uploads\/2019\/11\/75569715_568136430681675_7781014356912766976_n-768x558.jpg 768w\" sizes=\"(max-width: 960px) 100vw, 960px\" \/><\/figure>\n\n\n\n<p>Dr. J\u00fanior esteve ao lado do deputado federal, Wilson Filho,\ne do prefeito de Boa Vista, Andr\u00e9 Gomes. Ele foi recebido pelo secret\u00e1rio de\neduca\u00e7\u00e3o, Cl\u00e1udio Furtado. <\/p>\n\n\n\n<p>\u201cNa oportunidade, pleiteamos uma escola padr\u00e3o, \u00f4nibus\nescolar e o conv\u00eanio do transporte escolar. Recebemos uma sinaliza\u00e7\u00e3o positiva\ndo secret\u00e1rio. S\u00f3 temos a agradecer ao governador Jo\u00e3o Azevedo pela aten\u00e7\u00e3o com\nOuro Velho\u201d, agradeceu <\/p>\n\n\n\n<p>Ele tamb\u00e9m foi muito bem recebido no Pal\u00e1cio do Governo pelo\nchefe de gabinete Ronaldo guerra para tratar de diversos assuntos para Ouro\nVelho.<\/p>\n","protected":false},"excerpt":{"rendered":"<p>O m\u00e9dico Dr. J\u00fanior, esposo da prefeita de Ouro Velho, esteve nesta ter\u00e7a-feira, dia 05, na Secretaria de Educa\u00e7\u00e3o da Para\u00edba para tratar sobre conv\u00eanios&hellip; <\/p>\n","protected":false},"author":2,"featured_media":132788,"comment_status":"closed","ping_status":"closed","sticky":false,"template":"","format":"standard","meta":{"sfsi_plus_gutenberg_text_before_share":"","sfsi_plus_gutenberg_show_text_before_share":"","sfsi_plus_gutenberg_icon_type":"","sfsi_plus_gutenberg_icon_alignemt":"","sfsi_plus_gutenburg_max_per_row":"","footnotes":""},"categories":[50,2],"tags":[],"class_list":["post-132783","post","type-post","status-publish","format-standard","has-post-thumbnail","hentry","category-destaque","category-geral"],"_links":{"self":[{"href":"https:\/\/www.caririemacao.com\/1\/wp-json\/wp\/v2\/posts\/132783","targetHints":{"allow":["GET"]}}],"collection":[{"href":"https:\/\/www.caririemacao.com\/1\/wp-json\/wp\/v2\/posts"}],"about":[{"href":"https:\/\/www.caririemacao.com\/1\/wp-json\/wp\/v2\/types\/post"}],"author":[{"embeddable":true,"href":"https:\/\/www.caririemacao.com\/1\/wp-json\/wp\/v2\/users\/2"}],"replies":[{"embeddable":true,"href":"https:\/\/www.caririemacao.com\/1\/wp-json\/wp\/v2\/comments?post=132783"}],"version-history":[{"count":1,"href":"https:\/\/www.caririemacao.com\/1\/wp-json\/wp\/v2\/posts\/132783\/revisions"}],"predecessor-version":[{"id":132789,"href":"https:\/\/www.caririemacao.com\/1\/wp-json\/wp\/v2\/posts\/132783\/revisions\/132789"}],"wp:featuredmedia":[{"embeddable":true,"href":"https:\/\/www.caririemacao.com\/1\/wp-json\/wp\/v2\/media\/132788"}],"wp:attachment":[{"href":"https:\/\/www.caririemacao.com\/1\/wp-json\/wp\/v2\/media?parent=132783"}],"wp:term":[{"taxonomy":"category","embeddable":true,"href":"https:\/\/www.caririemacao.com\/1\/wp-json\/wp\/v2\/categories?post=132783"},{"taxonomy":"post_tag","embeddable":true,"href":"https:\/\/www.caririemacao.com\/1\/wp-json\/wp\/v2\/tags?post=132783"}],"curies":[{"name":"wp","href":"https:\/\/api.w.org\/{rel}","templated":true}]}}