{"id":132797,"date":"2019-11-06T02:33:23","date_gmt":"2019-11-06T05:33:23","guid":{"rendered":"http:\/\/www.caririemacao.com\/1\/?p=132797"},"modified":"2019-11-06T02:33:23","modified_gmt":"2019-11-06T05:33:23","slug":"prefeito-de-caraubas-participa-ao-lado-do-governador-do-lancamento-do-cofinanciamento-da-assistencia-social-2","status":"publish","type":"post","link":"https:\/\/www.caririemacao.com\/1\/2019\/11\/06\/prefeito-de-caraubas-participa-ao-lado-do-governador-do-lancamento-do-cofinanciamento-da-assistencia-social-2\/","title":{"rendered":"Prefeito de Cara\u00fabas participa ao lado do Governador do lan\u00e7amento do Cofinanciamento da Assist\u00eancia Social"},"content":{"rendered":"\n<p>O prefeito Silvano Dudu participou na manh\u00e3 desta segunda-feira, dia 4, ao lado do governador Jo\u00e3o Azevedo, do senador Veneziano Vital do R\u00eago, do Deputado Estadual e presidente da Assembleia Legislativa, Adriano Galdino e de dezenas de colegas prefeitos e secret\u00e1rios municipais da Assist\u00eancia Social, no Centro de Conven\u00e7\u00f5es da Capital do lan\u00e7amento oficial&nbsp;do Cofinanciamento Estadual da Assist\u00eancia Social 2019.<\/p>\n\n\n\n<div class=\"wp-block-image\"><figure class=\"aligncenter\"><img decoding=\"async\" data-src=\"http:\/\/deolhonocariri.com.br\/wp-content\/uploads\/2019\/11\/74662469_2376506179125158_2212094245488033792_o-600x450.jpg\" alt=\"\" class=\"wp-image-73766 lazyload\" src=\"data:image\/svg+xml;base64,PHN2ZyB3aWR0aD0iMSIgaGVpZ2h0PSIxIiB4bWxucz0iaHR0cDovL3d3dy53My5vcmcvMjAwMC9zdmciPjwvc3ZnPg==\" style=\"--smush-placeholder-width: 600px; --smush-placeholder-aspect-ratio: 600\/450;\" \/><\/figure><\/div>\n\n\n\n<p>O ato assinado pelo governador Jo\u00e3o Azevedo garantir\u00e1 a transfer\u00eancia de recursos na ordem de R$ 6 milh\u00f5es destinados ao fortalecimento das a\u00e7\u00f5es da Assist\u00eancia Social dos 223 munic\u00edpios paraibanos, afirmou ele.<\/p>\n\n\n\n<p>Al\u00e9m do Cofinanciamento, na oportunidade foi lan\u00e7ado tamb\u00e9m o SicofPara\u00edba que \u00e9 um sistema que disp\u00f5e de ferramentas para realiza\u00e7\u00e3o das presta\u00e7\u00f5es de contas dos recursos que ser\u00e3o destinados aos Fundos Municipais da Assist\u00eancia Social, bem como, o CapacitaPB 2019 que tem por objetivo realizar cursos voltados aos gestores municipais com atua\u00e7\u00e3o na \u00e1rea da Assist\u00eancia Social.<\/p>\n\n\n\n<figure class=\"wp-block-image\"><img decoding=\"async\" data-src=\"http:\/\/deolhonocariri.com.br\/wp-content\/uploads\/2019\/11\/75303392_2376506132458496_4912374204919185408_o-600x450.jpg\" alt=\"\" src=\"data:image\/svg+xml;base64,PHN2ZyB3aWR0aD0iMSIgaGVpZ2h0PSIxIiB4bWxucz0iaHR0cDovL3d3dy53My5vcmcvMjAwMC9zdmciPjwvc3ZnPg==\" class=\"lazyload\" style=\"--smush-placeholder-width: 600px; --smush-placeholder-aspect-ratio: 600\/450;\" \/><\/figure>\n\n\n\n<p>O prefeito Silvano Dudu, a secret\u00e1ria municipal da Assist\u00eancia Social, Fl\u00e1via Quirino e o adjunto da SEMAS Patrick Batista participaram da solenidade. De acordo com Fl\u00e1via Quirino esse \u00e9 um momento importante para os munic\u00edpios, principalmente, pelos cortes de repasse de recursos oriundos do Governo Federal que vem prejudicando sobremaneira os programa e as pol\u00edticas p\u00fablicas da Assist\u00eancia Social, afirmou ela.<\/p>\n\n\n\n<p>O prefeito Silvano Dudu se mostrou preocupado coma a situa\u00e7\u00e3o financeira vivida pelo munic\u00edpio e cobrou dos representantes da bancada federal, o senador Veneziano e o Deputado Efraim Filho empenho junto ao Ministro da Cidadania, Osmar Terra, para que haja uma defini\u00e7\u00e3o quanto ao repasse dos recursos. N\u00e3o podemos paralisar programas t\u00e3o importantes, porque existem pessoas carentes que dependem muito desses programas, afirmou ele.<\/p>\n\n\n\n<p>Logo ap\u00f3s a solenidade o prefeito manteve audi\u00eancia com o DER, Defesa Civil do Estado, AESA, GIGOV\/CEF, com o objetivo de destravar processos e recursos.<\/p>\n\n\n\n<p>A secret\u00e1ria Fl\u00e1via Quirino e o adjunto Patrick Batista estar\u00e3o nesta ter\u00e7a e quarta-feira, representando o munic\u00edpio de Cara\u00fabas junto com os demais gestores municipais da Assist\u00eancia Social, no Centro de Conven\u00e7\u00f5es, onde receber\u00e3o todas as orienta\u00e7\u00f5es da gest\u00e3o estadual quanto a utiliza\u00e7\u00e3o e aplica\u00e7\u00e3o dos recursos que ser\u00e3o destinados ao munic\u00edpio.<\/p>\n\n\n\n<p>Com Seplacom<\/p>\n","protected":false},"excerpt":{"rendered":"<p>O prefeito Silvano Dudu participou na manh\u00e3 desta segunda-feira, dia 4, ao lado do governador Jo\u00e3o Azevedo, do senador Veneziano Vital do R\u00eago, do Deputado&hellip; <\/p>\n","protected":false},"author":2,"featured_media":132798,"comment_status":"closed","ping_status":"closed","sticky":false,"template":"","format":"standard","meta":{"sfsi_plus_gutenberg_text_before_share":"","sfsi_plus_gutenberg_show_text_before_share":"","sfsi_plus_gutenberg_icon_type":"","sfsi_plus_gutenberg_icon_alignemt":"","sfsi_plus_gutenburg_max_per_row":"","footnotes":""},"categories":[6,50],"tags":[],"class_list":["post-132797","post","type-post","status-publish","format-standard","has-post-thumbnail","hentry","category-cidades","category-destaque"],"_links":{"self":[{"href":"https:\/\/www.caririemacao.com\/1\/wp-json\/wp\/v2\/posts\/132797","targetHints":{"allow":["GET"]}}],"collection":[{"href":"https:\/\/www.caririemacao.com\/1\/wp-json\/wp\/v2\/posts"}],"about":[{"href":"https:\/\/www.caririemacao.com\/1\/wp-json\/wp\/v2\/types\/post"}],"author":[{"embeddable":true,"href":"https:\/\/www.caririemacao.com\/1\/wp-json\/wp\/v2\/users\/2"}],"replies":[{"embeddable":true,"href":"https:\/\/www.caririemacao.com\/1\/wp-json\/wp\/v2\/comments?post=132797"}],"version-history":[{"count":1,"href":"https:\/\/www.caririemacao.com\/1\/wp-json\/wp\/v2\/posts\/132797\/revisions"}],"predecessor-version":[{"id":132799,"href":"https:\/\/www.caririemacao.com\/1\/wp-json\/wp\/v2\/posts\/132797\/revisions\/132799"}],"wp:featuredmedia":[{"embeddable":true,"href":"https:\/\/www.caririemacao.com\/1\/wp-json\/wp\/v2\/media\/132798"}],"wp:attachment":[{"href":"https:\/\/www.caririemacao.com\/1\/wp-json\/wp\/v2\/media?parent=132797"}],"wp:term":[{"taxonomy":"category","embeddable":true,"href":"https:\/\/www.caririemacao.com\/1\/wp-json\/wp\/v2\/categories?post=132797"},{"taxonomy":"post_tag","embeddable":true,"href":"https:\/\/www.caririemacao.com\/1\/wp-json\/wp\/v2\/tags?post=132797"}],"curies":[{"name":"wp","href":"https:\/\/api.w.org\/{rel}","templated":true}]}}