{"id":132800,"date":"2019-11-06T08:40:03","date_gmt":"2019-11-06T11:40:03","guid":{"rendered":"http:\/\/www.caririemacao.com\/1\/?p=132800"},"modified":"2019-11-06T08:40:03","modified_gmt":"2019-11-06T11:40:03","slug":"policia-federal-pediu-prisao-de-dilma-mantega-e-vital-do-rego-mas-ministro-do-stf-negou","status":"publish","type":"post","link":"https:\/\/www.caririemacao.com\/1\/2019\/11\/06\/policia-federal-pediu-prisao-de-dilma-mantega-e-vital-do-rego-mas-ministro-do-stf-negou\/","title":{"rendered":"Pol\u00edcia Federal pediu pris\u00e3o de Dilma, Mantega e Vital do R\u00eago, mas ministro do STF negou"},"content":{"rendered":"\n<p>Na a\u00e7\u00e3o deflagrada na manh\u00e3 desta quinta-feira (5), para investigar o repasse de R$ 40 milh\u00f5es para pol\u00edticos do MDB, a Pol\u00edcia Federal, chegou a solicitar a pris\u00e3o da ex-presidente Dilma Rousseff, do ex-ministro Guido Mantega, do ex-presidente do Senado, Eun\u00edcio Oliveira e do ex-senador Valdir Raupp. Nenhum deles tem foro privilegiado, por n\u00e3o ocuparem mais cargo p\u00fablico.<br><\/p>\n\n\n\n<p>Al\u00e9m deles, a PF solicitou a pris\u00e3o preventiva do ministro Vital do R\u00eago, do Tribunal de Contas da Uni\u00e3o (TCU). No entanto, todas as solicita\u00e7\u00f5es de encarceramento foram negadas pelo ministro Edson Fachin, do Supremo Tribunal Federal (STF), respons\u00e1vel por autorizar o cumprimento dos mandados.<\/p>\n\n\n\n<p><strong>LEIA MAIS<\/strong>:&nbsp;<a href=\"https:\/\/www.clickpb.com.br\/paraiba\/defesa-de-vitalzinho-alega-que-ministro-do-tcu-nao-foi-alvo-de-busca-e-apreensao-271356.html\">Defesa de Vitalzinho alega que ministro do TCU n\u00e3o foi alvo de busca e apreens\u00e3o<\/a><br><\/p>\n\n\n\n<p>Para fazer a solicita\u00e7\u00e3o, os investigadores alegaram que a medida seria necess\u00e1ria para impedir interfer\u00eancias e garantir a continuidade das dilig\u00eancias. &#8220;\u00c9 imprescind\u00edvel a decreta\u00e7\u00e3o da pris\u00e3o tempor\u00e1ria dos investigados de maior relev\u00e2ncia nos crimes praticados pela associa\u00e7\u00e3o criminosa, bem como daqueles que atuaram na entrega e no recebimento em esp\u00e9cie das quantias il\u00edcitas.&#8221;<\/p>\n\n\n\n<p>Ao ser consultada, a Procuradoria Geral da Rep\u00fablica (PGR), tamb\u00e9m foi contra a restri\u00e7\u00e3o de liberdade dos investigados, alegando que n\u00e3o existem elementos suficientes para justificar esta medida.<\/p>\n\n\n\n<p>Al\u00e9m dos j\u00e1 citados, est\u00e3o entre os alvos da opera\u00e7\u00e3o, os senadores Renan Calheiros (MDB-AL), Eduardo Braga (MDB-AM) e Jader Barbalho. Os tr\u00eas negam envolvimento nos crimes apontados pela PF.&nbsp;<\/p>\n\n\n\n<p>A defesa de Vital do Rego afirmou que ele &#8220;\u00e9 o maior interessado em esclarecer os fatos&#8221; e que &#8220;vai colaborar com a Justi\u00e7a&#8221;.<\/p>\n","protected":false},"excerpt":{"rendered":"<p>Na a\u00e7\u00e3o deflagrada na manh\u00e3 desta quinta-feira (5), para investigar o repasse de R$ 40 milh\u00f5es para pol\u00edticos do MDB, a Pol\u00edcia Federal, chegou a&hellip; <\/p>\n","protected":false},"author":1,"featured_media":132802,"comment_status":"closed","ping_status":"closed","sticky":false,"template":"","format":"standard","meta":{"sfsi_plus_gutenberg_text_before_share":"","sfsi_plus_gutenberg_show_text_before_share":"","sfsi_plus_gutenberg_icon_type":"","sfsi_plus_gutenberg_icon_alignemt":"","sfsi_plus_gutenburg_max_per_row":"","footnotes":""},"categories":[11],"tags":[],"class_list":["post-132800","post","type-post","status-publish","format-standard","has-post-thumbnail","hentry","category-politica"],"_links":{"self":[{"href":"https:\/\/www.caririemacao.com\/1\/wp-json\/wp\/v2\/posts\/132800","targetHints":{"allow":["GET"]}}],"collection":[{"href":"https:\/\/www.caririemacao.com\/1\/wp-json\/wp\/v2\/posts"}],"about":[{"href":"https:\/\/www.caririemacao.com\/1\/wp-json\/wp\/v2\/types\/post"}],"author":[{"embeddable":true,"href":"https:\/\/www.caririemacao.com\/1\/wp-json\/wp\/v2\/users\/1"}],"replies":[{"embeddable":true,"href":"https:\/\/www.caririemacao.com\/1\/wp-json\/wp\/v2\/comments?post=132800"}],"version-history":[{"count":1,"href":"https:\/\/www.caririemacao.com\/1\/wp-json\/wp\/v2\/posts\/132800\/revisions"}],"predecessor-version":[{"id":132803,"href":"https:\/\/www.caririemacao.com\/1\/wp-json\/wp\/v2\/posts\/132800\/revisions\/132803"}],"wp:featuredmedia":[{"embeddable":true,"href":"https:\/\/www.caririemacao.com\/1\/wp-json\/wp\/v2\/media\/132802"}],"wp:attachment":[{"href":"https:\/\/www.caririemacao.com\/1\/wp-json\/wp\/v2\/media?parent=132800"}],"wp:term":[{"taxonomy":"category","embeddable":true,"href":"https:\/\/www.caririemacao.com\/1\/wp-json\/wp\/v2\/categories?post=132800"},{"taxonomy":"post_tag","embeddable":true,"href":"https:\/\/www.caririemacao.com\/1\/wp-json\/wp\/v2\/tags?post=132800"}],"curies":[{"name":"wp","href":"https:\/\/api.w.org\/{rel}","templated":true}]}}